{"id":14955,"date":"2025-11-17T13:24:57","date_gmt":"2025-11-17T17:24:57","guid":{"rendered":"https:\/\/hospitaldechillan.cl\/web\/?p=14955"},"modified":"2025-11-17T13:27:20","modified_gmt":"2025-11-17T17:27:20","slug":"dia-mundial-del-cancer-de-pulmon-profesionales-de-salud-refuerzan-llamado-a-la-prevencion-y-diagnostico-oportuno","status":"publish","type":"post","link":"https:\/\/hospitaldechillan.cl\/web\/dia-mundial-del-cancer-de-pulmon-profesionales-de-salud-refuerzan-llamado-a-la-prevencion-y-diagnostico-oportuno\/","title":{"rendered":"D\u00eda Mundial del C\u00e1ncer de Pulm\u00f3n: Profesionales de salud refuerzan llamado a la prevenci\u00f3n y diagn\u00f3stico oportuno"},"content":{"rendered":"<p>En el marco del D\u00eda Mundial del C\u00e1ncer de Pulm\u00f3n, el SS\u00d1 reiter\u00f3 la importancia de reconocer a tiempo los s\u00edntomas y factores de riesgo asociados a esta enfermedad, enfatizando que la consulta oportuna y los controles de salud son fundamentales para mejorar el pron\u00f3stico y aumentar las posibilidades de tratamiento efectivo.<\/p>\n<p>Se estima que dos tercios de los casos confirmados se diagnostican en etapas avanzadas. Por ello, ante tos persistente, dificultad para respirar, dolor tor\u00e1cico o cambios en la voz, se recomienda acudir a su establecimiento de salud, especialmente en personas fumadoras o expuestas constantemente al humo del tabaco.<\/p>\n<p>\u201cNuestro llamado es a no normalizar estos s\u00edntomas y consultar a tiempo. Contamos con equipos preparados para realizar una pesquisa temprana, lo que marca una diferencia significativa en la evoluci\u00f3n de la enfermedad. Durante 2024, seg\u00fan registros GES, en \u00d1uble se diagnosticaron 64 nuevos casos de c\u00e1ncer de pulm\u00f3n. Por ello, nuestro principal foco est\u00e1 en la prevenci\u00f3n, reduciendo los factores de riesgo y manteniendo los controles con los equipos de salud, realiz\u00e1ndose, por ejemplo, el Examen de Medicina Preventiva (EMP) disponible en la red de atenci\u00f3n primaria\u201d, se\u00f1al\u00f3 la <strong>Directora del Servicio de Salud \u00d1uble, Elizabeth Abarca Trivi\u00f1o.<\/strong><\/p>\n<p>La directiva a su vez a\u00f1adi\u00f3: \u201crecordar que esta patolog\u00eda est\u00e1 cubierta por el GES, lo que garantiza atenci\u00f3n, diagn\u00f3stico, tratamiento, control y seguimiento para las y los usuarios\u201d.<\/p>\n<p><strong>Factores de riesgo y prevenci\u00f3n<\/strong><\/p>\n<p>Por su parte, el<strong> Dr. Pablo Navarrete, m\u00e9dico broncopulmonar y coordinador de la Unidad de Paciente Cr\u00edtico Adulto del Hospital Cl\u00ednico Herminda Mart\u00edn<\/strong>, explic\u00f3 que: \u201cLos s\u00edntomas del c\u00e1ncer de pulm\u00f3n pueden ser inespec\u00edficos, por lo que tiende a confundirse con otras patolog\u00edas, entre ellos se destacan la tos persistente, tos con sangre y disminuci\u00f3n de peso sin causa aparente. En muchos casos, en sus primeras etapas, la enfermedad es asintom\u00e1tica, por lo que suele diagnosticarse de manera avanzada\u201d.<\/p>\n<p>Asimismo, el especialista a\u00f1adi\u00f3: \u201cEs s\u00faper importante que la comunidad sepa que el principal factor de riesgo de este tipo de c\u00e1ncer es el tabaquismo, h\u00e1bito que debe evitarse sobre todo si existen antecedentes familiares de la patolog\u00eda. Otra recomendaci\u00f3n es evitar la exposici\u00f3n a sustancias como el ars\u00e9nico o el asbesto. Su aparici\u00f3n puede prevenirse siguiendo h\u00e1bitos de vida saludables, como no fumar, mantener una alimentaci\u00f3n balanceada, realizar actividad f\u00edsica de forma diaria y por supuesto, mantener los controles de salud al d\u00eda\u201d.<\/p>\n<p>Recordar que, frente a cualquier duda con respecto a esta u otras enfermedades, se encuentra disponible las 24 horas del d\u00eda la l\u00ednea Salud Responde, al tel\u00e9fono 600 360 7777.<\/p>\n","protected":false},"excerpt":{"rendered":"<p>Desde el Servicio de Salud \u00d1uble (SS\u00d1) destacaron la importancia de la detecci\u00f3n temprana para entregar tratamiento de manera oportuna. Esta patolog\u00eda cuenta con cobertura a trav\u00e9s del Sistema de Garant\u00edas Expl\u00edcitas en Salud (GES).<\/p>\n","protected":false},"author":3,"featured_media":14956,"comment_status":"open","ping_status":"closed","sticky":false,"template":"","format":"standard","meta":{"_acf_changed":false,"_monsterinsights_skip_tracking":false,"_monsterinsights_sitenote_active":false,"_monsterinsights_sitenote_note":"","_monsterinsights_sitenote_category":0,"footnotes":""},"categories":[4],"tags":[],"class_list":["post-14955","post","type-post","status-publish","format-standard","has-post-thumbnail","hentry","category-noticias"],"acf":[],"publishpress_future_action":{"enabled":false,"date":"2026-05-08 22:03:55","action":"change-status","newStatus":"draft","terms":[],"taxonomy":"category","extraData":[]},"publishpress_future_workflow_manual_trigger":{"enabledWorkflows":[]},"_links":{"self":[{"href":"https:\/\/hospitaldechillan.cl\/web\/wp-json\/wp\/v2\/posts\/14955","targetHints":{"allow":["GET"]}}],"collection":[{"href":"https:\/\/hospitaldechillan.cl\/web\/wp-json\/wp\/v2\/posts"}],"about":[{"href":"https:\/\/hospitaldechillan.cl\/web\/wp-json\/wp\/v2\/types\/post"}],"author":[{"embeddable":true,"href":"https:\/\/hospitaldechillan.cl\/web\/wp-json\/wp\/v2\/users\/3"}],"replies":[{"embeddable":true,"href":"https:\/\/hospitaldechillan.cl\/web\/wp-json\/wp\/v2\/comments?post=14955"}],"version-history":[{"count":1,"href":"https:\/\/hospitaldechillan.cl\/web\/wp-json\/wp\/v2\/posts\/14955\/revisions"}],"predecessor-version":[{"id":14957,"href":"https:\/\/hospitaldechillan.cl\/web\/wp-json\/wp\/v2\/posts\/14955\/revisions\/14957"}],"wp:featuredmedia":[{"embeddable":true,"href":"https:\/\/hospitaldechillan.cl\/web\/wp-json\/wp\/v2\/media\/14956"}],"wp:attachment":[{"href":"https:\/\/hospitaldechillan.cl\/web\/wp-json\/wp\/v2\/media?parent=14955"}],"wp:term":[{"taxonomy":"category","embeddable":true,"href":"https:\/\/hospitaldechillan.cl\/web\/wp-json\/wp\/v2\/categories?post=14955"},{"taxonomy":"post_tag","embeddable":true,"href":"https:\/\/hospitaldechillan.cl\/web\/wp-json\/wp\/v2\/tags?post=14955"}],"curies":[{"name":"wp","href":"https:\/\/api.w.org\/{rel}","templated":true}]}}