{"id":14948,"date":"2025-11-14T13:44:28","date_gmt":"2025-11-14T17:44:28","guid":{"rendered":"https:\/\/hospitaldechillan.cl\/web\/?p=14948"},"modified":"2025-11-14T13:44:28","modified_gmt":"2025-11-14T17:44:28","slug":"10-anos-celebrando-la-vida-de-las-ninas-y-ninos-prematuros-atendidos-en-el-hospital-de-chillan","status":"publish","type":"post","link":"https:\/\/hospitaldechillan.cl\/web\/10-anos-celebrando-la-vida-de-las-ninas-y-ninos-prematuros-atendidos-en-el-hospital-de-chillan\/","title":{"rendered":"10 a\u00f1os celebrando la vida de las ni\u00f1as y ni\u00f1os prematuros atendidos en el Hospital de Chill\u00e1n"},"content":{"rendered":"<p>Este 2025 la <strong>Unidad de Cuidados Intensivos Neonatales del Hospital Cl\u00ednico Herminda Mart\u00edn (HCHM)<\/strong> cumpli\u00f3 43 a\u00f1os al servicio de la comunidad de \u00d1uble. Durante esas 4 d\u00e9cadas miles de ni\u00f1as y ni\u00f1os que nacieron antes de culminar su per\u00edodo de gestaci\u00f3n han sido hospitalizados y tanto ellos o ellas y sus familias han formado un lazo de cari\u00f1o con el personal cl\u00ednico que les atiende para resguardar la menor cantidad de secuelas, con vigilancia permanente y mucho cari\u00f1o.<\/p>\n<p><strong>Cada 17 de noviembre, se conmemora el D\u00eda Mundial de las ni\u00f1as y ni\u00f1os prematuros<\/strong>, por lo que el Establecimiento al igual que como lo viene haciendo hace una d\u00e9cada, realiz\u00f3 durante la semana una serie de charlas educativas, enfocadas a los cuidados especiales que los beb\u00e9s nacidos antes de t\u00e9rmino deben recibir en sus hogares y se cerr\u00f3 la semana, con la ya tradicional celebraci\u00f3n de disfraces, juegos, m\u00fasica y baile que el equipo de Neonatolog\u00eda prepara para cualquier peque\u00f1o o peque\u00f1a que haya estado hospitalizado y en seguimiento especializado por esta condici\u00f3n.<\/p>\n<p><img loading=\"lazy\" decoding=\"async\" class=\"alignnone size-medium wp-image-14950\" src=\"https:\/\/hospitaldechillan.cl\/web\/wp-content\/uploads\/2025\/11\/3-640x360.png\" alt=\"\" width=\"640\" height=\"360\" srcset=\"https:\/\/hospitaldechillan.cl\/web\/wp-content\/uploads\/2025\/11\/3-640x360.png 640w, https:\/\/hospitaldechillan.cl\/web\/wp-content\/uploads\/2025\/11\/3-1200x675.png 1200w, https:\/\/hospitaldechillan.cl\/web\/wp-content\/uploads\/2025\/11\/3-768x432.png 768w, https:\/\/hospitaldechillan.cl\/web\/wp-content\/uploads\/2025\/11\/3-1536x864.png 1536w, https:\/\/hospitaldechillan.cl\/web\/wp-content\/uploads\/2025\/11\/3.png 1600w\" sizes=\"auto, (max-width: 640px) 100vw, 640px\" \/><\/p>\n<p>\u201cEstamos muy orgullosos del trabajo que realiza el personal cl\u00ednico que est\u00e1 a cargo del cuidado integral de las y los beb\u00e9s prematuros en nuestro Hospital, pues adem\u00e1s de realizar su funci\u00f3n cl\u00ednica especializada, entregan las mejores condiciones ambientales a nuestros peque\u00f1os usuarios y sus familias, logrando generar un v\u00ednculo especial, que se evidencia en actividades como \u00e9sta, donde celebramos la vida, el avance y el logro de las y los ni\u00f1os, las familias y de nuestra Unidad de Neonatolog\u00eda\u201d, sostuvo la <strong>Dra. Ximena Espinoza, directora (s) del Hospital Cl\u00ednico Herminda Mart\u00edn. <\/strong><\/p>\n<p>Durante este a\u00f1o, se han atendido este a\u00f1o 125 ni\u00f1as y ni\u00f1os prematuros, de los cuales 45 han sido extremos. Si bien, la cantidad no es lo m\u00e1s relevante, puesto que son familias que deben adaptar sus rutinas familiares para buscar el mayor bienestar de sus hijos y enfrentar una condici\u00f3n de salud, que puede dejar huellas tanto en el sistema respiratorio, neurol\u00f3gico o en cualquier otro, que genere un impacto permanente en toda su vida.<\/p>\n<p>Los principales cuidados hospitalarios contemplan el monitoreo de su estado de salud hasta la temperatura de la incubadora, pues se busca crear condiciones que asemejen el \u00fatero materno. Para mantener su estado de salud, en tanto se usa tecnolog\u00eda, modernos equipamiento y profesionales y especialistas capacitados, quienes adem\u00e1s, transmiten su conocimiento a las familias, para fortalecer por ejemplo la lactancia materna, habilidades motoras y otras.<\/p>\n<p>Al respecto, la <strong>Directora del Servicio de Salud \u00d1uble, Elizabeth Abarca<\/strong> asegur\u00f3 que \u201cesta conmemoraci\u00f3n nos permite reafirmar nuestro compromiso con los cuidados desde el primer momento de la vida. Como instituci\u00f3n, hemos fortalecido nuestra red para ofrecer una atenci\u00f3n neonatal oportuna y de calidad, que brinde mejores cuidados y promoviendo el perfeccionamiento continuo de nuestros equipos y en las condiciones que permiten acompa\u00f1ar de manera integral a cada ni\u00f1a y ni\u00f1o que nace prematuramente. El Hospital Cl\u00ednico Herminda Mart\u00edn lleva 10 a\u00f1os desarrollando esta significativa actividad, que refleja no solo la excelencia cl\u00ednica, sino tambi\u00e9n el cari\u00f1o y la dedicaci\u00f3n con que sus funcionarios y funcionarias acompa\u00f1an a las familias en este camino\u201d.<\/p>\n<p>En esta ocasi\u00f3n, m\u00e1s 50 familias celebraron con nosotros, la vida de sus hijas e hijos, en una l\u00fadica jornada, que sigue manteniendo el v\u00ednculo con el primer lugar que les recibi\u00f3, los vio crecer, los cuid\u00f3 y ayud\u00f3 a completar su neurodesarrollo. Este a\u00f1o, se cumplieron 10 celebraciones de este tipo, realzando la importancia y relevancia que la actividad tiene para las familias, el hospital y las instituciones.<\/p>\n<p>&nbsp;<\/p>\n<p>&nbsp;<\/p>\n<p>&nbsp;<\/p>\n","protected":false},"excerpt":{"rendered":"<p>Solo este a\u00f1o, 125 ni\u00f1os y ni\u00f1as prematuros han sido atendidos en el Establecimiento, de \u00e9stos 45 son prematuros extremos. A una d\u00e9cada del inicio de la conmemoraci\u00f3n en \u00d1uble, la instituci\u00f3n mantiene el compromiso con el bienestar de los pacientes, gracias a los cuidados recibidos por parte del equipo de la Unidad de Neonatolog\u00eda y al cari\u00f1o de las familias. <\/p>\n","protected":false},"author":3,"featured_media":14949,"comment_status":"open","ping_status":"closed","sticky":false,"template":"","format":"standard","meta":{"_acf_changed":false,"_monsterinsights_skip_tracking":false,"_monsterinsights_sitenote_active":false,"_monsterinsights_sitenote_note":"","_monsterinsights_sitenote_category":0,"footnotes":""},"categories":[4],"tags":[],"class_list":["post-14948","post","type-post","status-publish","format-standard","has-post-thumbnail","hentry","category-noticias"],"acf":[],"publishpress_future_action":{"enabled":false,"date":"2026-05-08 22:08:23","action":"change-status","newStatus":"draft","terms":[],"taxonomy":"category","extraData":[]},"publishpress_future_workflow_manual_trigger":{"enabledWorkflows":[]},"_links":{"self":[{"href":"https:\/\/hospitaldechillan.cl\/web\/wp-json\/wp\/v2\/posts\/14948","targetHints":{"allow":["GET"]}}],"collection":[{"href":"https:\/\/hospitaldechillan.cl\/web\/wp-json\/wp\/v2\/posts"}],"about":[{"href":"https:\/\/hospitaldechillan.cl\/web\/wp-json\/wp\/v2\/types\/post"}],"author":[{"embeddable":true,"href":"https:\/\/hospitaldechillan.cl\/web\/wp-json\/wp\/v2\/users\/3"}],"replies":[{"embeddable":true,"href":"https:\/\/hospitaldechillan.cl\/web\/wp-json\/wp\/v2\/comments?post=14948"}],"version-history":[{"count":1,"href":"https:\/\/hospitaldechillan.cl\/web\/wp-json\/wp\/v2\/posts\/14948\/revisions"}],"predecessor-version":[{"id":14951,"href":"https:\/\/hospitaldechillan.cl\/web\/wp-json\/wp\/v2\/posts\/14948\/revisions\/14951"}],"wp:featuredmedia":[{"embeddable":true,"href":"https:\/\/hospitaldechillan.cl\/web\/wp-json\/wp\/v2\/media\/14949"}],"wp:attachment":[{"href":"https:\/\/hospitaldechillan.cl\/web\/wp-json\/wp\/v2\/media?parent=14948"}],"wp:term":[{"taxonomy":"category","embeddable":true,"href":"https:\/\/hospitaldechillan.cl\/web\/wp-json\/wp\/v2\/categories?post=14948"},{"taxonomy":"post_tag","embeddable":true,"href":"https:\/\/hospitaldechillan.cl\/web\/wp-json\/wp\/v2\/tags?post=14948"}],"curies":[{"name":"wp","href":"https:\/\/api.w.org\/{rel}","templated":true}]}}