{"id":14916,"date":"2025-11-11T13:47:52","date_gmt":"2025-11-11T17:47:52","guid":{"rendered":"https:\/\/hospitaldechillan.cl\/web\/?p=14916"},"modified":"2025-11-11T13:50:13","modified_gmt":"2025-11-11T17:50:13","slug":"hospital-de-chillan-resalto-el-compromiso-de-funcionarias-os-que-se-jubilaron","status":"publish","type":"post","link":"https:\/\/hospitaldechillan.cl\/web\/hospital-de-chillan-resalto-el-compromiso-de-funcionarias-os-que-se-jubilaron\/","title":{"rendered":"Hospital de Chill\u00e1n resalt\u00f3 el compromiso de funcionarias\/os que se jubilaron"},"content":{"rendered":"<p>M\u00e1s de 40 a\u00f1os de trayectoria laboral, es una vida entera dedicada a fortalecer la salud p\u00fablica, desde diversas funciones, profesiones y ocupaciones. M\u00e9dicos, t\u00e9cnicos de enfermer\u00eda, tecn\u00f3logos m\u00e9dicos, auxiliares y administrativos, fueron las profesiones de quienes cerraron su ciclo de trabajo y hoy forman parte del patrimonio vivo del <strong>Hospital Cl\u00ednico Herminda Mart\u00edn (HCHM)<\/strong>. Las y los funcionarios participaron de una emotiva ceremonia junto a sus colegas y compa\u00f1eros, en la que se destac\u00f3 la val\u00eda de cada uno y el aporte que hicieron para engrandecer al centro de salud.<\/p>\n<p><strong>V\u00edctor Cort\u00e9s Parra<\/strong>, fue uno de los 24 reconocidos. Se desempe\u00f1\u00f3 durante 42 a\u00f1os como Tecn\u00f3logo M\u00e9dico en la Unidad de Laboratorio Cl\u00ednico, unidad de apoyo que permite ofrecer un diagn\u00f3stico oportuno y certero gracias al an\u00e1lisis de diversos ex\u00e1menes. \u201cCuando yo llegu\u00e9 al Hospital, el Laboratorio era muy distinto al actual, solo \u00e9ramos 8 tecn\u00f3logos y no m\u00e1s de 20 personas en total y ahora la dotaci\u00f3n supera a las 80 personas. En mi trayectoria, nos enfrentamos a cambios de infraestructura y tecnolog\u00eda, lo que nos hizo crecer y mejorar nuestro servicio a la comunidad de \u00d1uble\u201d, asegur\u00f3 V\u00edctor Cort\u00e9s.<\/p>\n<p>As\u00ed tambi\u00e9n destac\u00f3 que en momentos cr\u00edticos como fueron el terremoto o la pandemia, el equipo se fortaleci\u00f3 y fue posible responder a las necesidades de las y los usuarios, por lo que luego de una vida entera entregada al Hospital y a la salud de los \u00f1ublensinos, le genera \u201csentimientos encontrados por tener que partir y dejar esta instituci\u00f3n, que me permiti\u00f3 desarrollarme como persona y profesional. Me llev\u00f3 grandes recuerdos y amistades, gracias a mi trabajo\u201d, remarca V\u00edctor.<\/p>\n<p>Testimonios similares al de V\u00edctor, reflejan el cambio, la tecnolog\u00eda y los avances que ha incluido el HCHM en sus diversos servicios y unidades, que se vieron enfrentados diversas complejidades sanitarias y desaf\u00edos, que unieron a la comunidad funcionaria para dar una respuesta cercana y eficiente.<\/p>\n<p>En esta ocasi\u00f3n, el grupo de personas, compart\u00eda la convicci\u00f3n de que su aporte, su trabajo, aunque era muy diferente, se dirig\u00eda a otorgar la mejor experiencia a las usuarias y usuarios que buscan resolver un problema de salud. Por este motivo, la actividad estuvo marcada por recuerdos y emociones encontradas, que redundan en el agradecimiento al Establecimiento, los colegas y por supuesto tambi\u00e9n a sus pacientes.<\/p>\n<p><img loading=\"lazy\" decoding=\"async\" class=\"alignnone size-medium wp-image-14918\" src=\"https:\/\/hospitaldechillan.cl\/web\/wp-content\/uploads\/2025\/11\/1-1-640x360.jpg\" alt=\"\" width=\"640\" height=\"360\" srcset=\"https:\/\/hospitaldechillan.cl\/web\/wp-content\/uploads\/2025\/11\/1-1-640x360.jpg 640w, https:\/\/hospitaldechillan.cl\/web\/wp-content\/uploads\/2025\/11\/1-1-1200x675.jpg 1200w, https:\/\/hospitaldechillan.cl\/web\/wp-content\/uploads\/2025\/11\/1-1-768x432.jpg 768w, https:\/\/hospitaldechillan.cl\/web\/wp-content\/uploads\/2025\/11\/1-1-1536x864.jpg 1536w, https:\/\/hospitaldechillan.cl\/web\/wp-content\/uploads\/2025\/11\/1-1.jpg 1600w\" sizes=\"auto, (max-width: 640px) 100vw, 640px\" \/><\/p>\n<p><strong>LEGADO Y EXPERIENCIA<\/strong><\/p>\n<p>La <strong>directora del HCHM, Dra. Luz Mar\u00eda Mor\u00e1n<\/strong>, agradeci\u00f3 el compromiso y laboriosidad de las personas que se acogieron a retiro, pues sus cualidades y esfuerzo \u00a0fueron \u00a0pilares que dieron forma y vida a nuestra atenci\u00f3n cl\u00ednica, asistencial y administrativas. \u201cNuestro Hospital, celebr\u00f3 hace poco 80 a\u00f1os desde que inici\u00f3 su funcionamiento y hoy, decimos adi\u00f3s a personas que entregaron su vida al Establecimiento hace por lo menos 40 a\u00f1os, y que desde ah\u00ed en adelante fueron protagonistas del cambio, del adelanto tecnol\u00f3gico, que revolucion\u00f3 la atenci\u00f3n sanitaria y que nos acerca a pasos agigantados al esperado nuevo Hospital, que est\u00e1 dise\u00f1ado para responder a las necesidades de \u00a0las y los \u00f1ublensinos\u201d.<\/p>\n<p>\u201cUstedes, son un ejemplo de lo que estamos construyendo, un futuro centrado en nuestros usuarios, a quienes les entregamos una atenci\u00f3n, especializada, con tecnolog\u00eda de punta, pero tambi\u00e9n con un trato amable, cercano y humano. Por eso, les agradezco el legado que nos dejan y la experiencia que nos ha permitido crecer como instituci\u00f3n de salud p\u00fablica\u201d, asegur\u00f3 la Dra. Mor\u00e1n.<\/p>\n<p>Desempe\u00f1ar funciones en el Hospital, independiente de la unidad o servicio, contribuye al bienestar de la salud de la Regi\u00f3n de \u00d1uble y fortalece a la instituci\u00f3n, que avanza hacia la excelencia y modernizaci\u00f3n.<\/p>\n<p>&nbsp;<\/p>\n","protected":false},"excerpt":{"rendered":"<p>Un grupo de 24 personas, de distintas profesiones y ocupaciones, dijo adi\u00f3s al Establecimiento donde se desempe\u00f1aron laboralmente, siendo testigos de los avances que se han concretado con el pasar de los a\u00f1os. <\/p>\n","protected":false},"author":3,"featured_media":14917,"comment_status":"open","ping_status":"closed","sticky":false,"template":"","format":"standard","meta":{"_acf_changed":false,"_monsterinsights_skip_tracking":false,"_monsterinsights_sitenote_active":false,"_monsterinsights_sitenote_note":"","_monsterinsights_sitenote_category":0,"footnotes":""},"categories":[4],"tags":[],"class_list":["post-14916","post","type-post","status-publish","format-standard","has-post-thumbnail","hentry","category-noticias"],"acf":[],"publishpress_future_action":{"enabled":false,"date":"2026-05-07 11:47:47","action":"change-status","newStatus":"draft","terms":[],"taxonomy":"category","extraData":[]},"publishpress_future_workflow_manual_trigger":{"enabledWorkflows":[]},"_links":{"self":[{"href":"https:\/\/hospitaldechillan.cl\/web\/wp-json\/wp\/v2\/posts\/14916","targetHints":{"allow":["GET"]}}],"collection":[{"href":"https:\/\/hospitaldechillan.cl\/web\/wp-json\/wp\/v2\/posts"}],"about":[{"href":"https:\/\/hospitaldechillan.cl\/web\/wp-json\/wp\/v2\/types\/post"}],"author":[{"embeddable":true,"href":"https:\/\/hospitaldechillan.cl\/web\/wp-json\/wp\/v2\/users\/3"}],"replies":[{"embeddable":true,"href":"https:\/\/hospitaldechillan.cl\/web\/wp-json\/wp\/v2\/comments?post=14916"}],"version-history":[{"count":1,"href":"https:\/\/hospitaldechillan.cl\/web\/wp-json\/wp\/v2\/posts\/14916\/revisions"}],"predecessor-version":[{"id":14919,"href":"https:\/\/hospitaldechillan.cl\/web\/wp-json\/wp\/v2\/posts\/14916\/revisions\/14919"}],"wp:featuredmedia":[{"embeddable":true,"href":"https:\/\/hospitaldechillan.cl\/web\/wp-json\/wp\/v2\/media\/14917"}],"wp:attachment":[{"href":"https:\/\/hospitaldechillan.cl\/web\/wp-json\/wp\/v2\/media?parent=14916"}],"wp:term":[{"taxonomy":"category","embeddable":true,"href":"https:\/\/hospitaldechillan.cl\/web\/wp-json\/wp\/v2\/categories?post=14916"},{"taxonomy":"post_tag","embeddable":true,"href":"https:\/\/hospitaldechillan.cl\/web\/wp-json\/wp\/v2\/tags?post=14916"}],"curies":[{"name":"wp","href":"https:\/\/api.w.org\/{rel}","templated":true}]}}