{"id":14766,"date":"2025-10-15T14:27:48","date_gmt":"2025-10-15T18:27:48","guid":{"rendered":"https:\/\/hospitaldechillan.cl\/web\/?p=14766"},"modified":"2025-10-15T14:27:48","modified_gmt":"2025-10-15T18:27:48","slug":"un-hito-para-la-salud-de-nuble-entra-en-funcionamiento-el-primer-servicio-del-nuevo-hospital-regional","status":"publish","type":"post","link":"https:\/\/hospitaldechillan.cl\/web\/un-hito-para-la-salud-de-nuble-entra-en-funcionamiento-el-primer-servicio-del-nuevo-hospital-regional\/","title":{"rendered":"Un hito para la salud de \u00d1uble: entra en funcionamiento el primer servicio del nuevo Hospital Regional"},"content":{"rendered":"<p>A casi seis a\u00f1os del inicio de su construcci\u00f3n, el nuevo Hospital Regional de \u00d1uble comenz\u00f3 a abrir sus puertas con la puesta en marcha progresiva de su Servicio de Imagenolog\u00eda, el primero en entrar en funcionamiento tras culminar un proceso de marcha blanca.<br \/>\nAutoridades regionales, de salud y representantes de agrupaciones ciudadanas, junto a trabajadoras y trabajadores del sector, inauguraron el moderno servicio, ubicado en el primer piso del edificio asistencial. Con una inversi\u00f3n en equipamiento que supera los 6 mil millones de pesos, el centro de apoyo diagn\u00f3stico incluye el \u00fanico resonador magn\u00e9tico de la red p\u00fablica de \u00d1uble y dos tom\u00f3grafos computarizados \u2014tambi\u00e9n conocidos como esc\u00e1neres\u2014 de alta resoluci\u00f3n.<br \/>\n\u201cCon este paso comienza la puesta en marcha de uno de los proyectos m\u00e1s esperados y queridos por la comunidad: nuestro nuevo Hospital Regional. Esto ha sido posible gracias al compromiso y profesionalismo de los equipos del SS\u00d1 y del Herminda Mart\u00edn, que participaron en la instalaci\u00f3n, calibraci\u00f3n de tecnolog\u00eda y capacitaci\u00f3n intensiva, asegurando que cada examen cumpla con altos est\u00e1ndares de calidad diagn\u00f3stica\u201d, destac\u00f3 la directora del Servicio de Salud \u00d1uble, Elizabeth Abarca.<br \/>\n\u201cEl nuevo hospital ya est\u00e1 fortaleciendo la red de salud. Hoy disponemos de ex\u00e1menes de alta complejidad que antes deb\u00edan ser derivados o comprados. Contar con el primer resonador magn\u00e9tico para las personas del sistema p\u00fablico significa diagn\u00f3sticos m\u00e1s oportunos, menos espera y una atenci\u00f3n m\u00e1s resolutiva. Es una se\u00f1al clara del compromiso del Gobierno y del Ministerio de Salud con el acceso equitativo a prestaciones de calidad\u201d, enfatiz\u00f3 la directora.<br \/>\nEl gobernador regional de \u00d1uble, \u00d3scar Cris\u00f3stomo, resalt\u00f3 el car\u00e1cter transformador de este hito para la calidad de vida de las personas y el desarrollo regional. \u201cEsta buena noticia es la mejor demostraci\u00f3n de que este hospital, que ha trascendido distintos gobiernos en su proyecto y construcci\u00f3n, es una realidad que trae confianza, dignidad y mejor calidad de vida. Es parte de los avances concretos en salud que estamos logrando en nuestra regi\u00f3n\u201d.<br \/>\nEn esa l\u00ednea, agreg\u00f3 que la salud es una prioridad para la ciudadan\u00eda y destac\u00f3 el convenio del Gobierno Regional de \u00d1uble con el Ministerio de Salud por m\u00e1s de 830 mil millones de pesos para inversi\u00f3n sanitaria.<\/p>\n<p><img loading=\"lazy\" decoding=\"async\" src=\"https:\/\/hospitaldechillan.cl\/web\/wp-content\/uploads\/2025\/10\/3-1-640x360.png\" alt=\"\" width=\"640\" height=\"360\" class=\"alignnone size-medium wp-image-14767\" srcset=\"https:\/\/hospitaldechillan.cl\/web\/wp-content\/uploads\/2025\/10\/3-1-640x360.png 640w, https:\/\/hospitaldechillan.cl\/web\/wp-content\/uploads\/2025\/10\/3-1-1200x675.png 1200w, https:\/\/hospitaldechillan.cl\/web\/wp-content\/uploads\/2025\/10\/3-1-768x432.png 768w, https:\/\/hospitaldechillan.cl\/web\/wp-content\/uploads\/2025\/10\/3-1-1536x864.png 1536w, https:\/\/hospitaldechillan.cl\/web\/wp-content\/uploads\/2025\/10\/3-1.png 1600w\" sizes=\"auto, (max-width: 640px) 100vw, 640px\" \/><\/p>\n<p>\u201cEl gran coraz\u00f3n en salud es, indudablemente, el nuevo Hospital Regional, que hoy ya muestra su primer avance. Hemos decidido reforzarlo desde ya, disponiendo junto con nuestros consejeros 1.800 millones de pesos para adquirir un segundo resonador magn\u00e9tico para este establecimiento, que estar\u00e1 disponible en 2026. As\u00ed, duplicaremos casi inmediatamente su capacidad y cobertura\u201d, confirm\u00f3 la primera autoridad regional.<br \/>\nAtenci\u00f3n digna y m\u00e1s cerca<br \/>\n\u201cEste servicio funcionando nos da esperanza y confianza. Ya no hablamos solo de planos y obras, sino de atenci\u00f3n concreta. Lo m\u00e1s importante no son las m\u00e1quinas \u2014dijo\u2014, sino lo que representan: menos viajes, menos gasto para las personas y m\u00e1s dignidad\u201d, coment\u00f3 Elba \u00c1vila, del Comit\u00e9 de Apoyo Espiritual del Hospital Comunitario de Yungay.<br \/>\nLa directora del Hospital Cl\u00ednico Herminda Mart\u00edn, Dra. Luz Mar\u00eda Mor\u00e1n, destac\u00f3 el impacto de este primer servicio en operaciones: \u201cDurante la marcha blanca, m\u00e1s de 2.500 personas accedieron a tomograf\u00edas y resonancias. Es un avance que ya est\u00e1 llegando a las personas\u201d.<br \/>\nAgreg\u00f3 que \u201cen la medida en que se vayan asignando el presupuesto y los cargos de personal correspondientes al proceso de reposici\u00f3n de hospitales, se incorporar\u00e1n nuevas prestaciones de imagenolog\u00eda, incluyendo radiograf\u00edas, ecograf\u00edas y mamograf\u00edas, ampliando la capacidad resolutiva. Lo importante es que el equipamiento ya fue adquirido\u201d.<br \/>\nModerna infraestructura y tecnolog\u00eda<br \/>\nEl Servicio de Imagenolog\u00eda se distribuye en m\u00e1s de 1.400 metros cuadrados de modernas instalaciones, con accesibilidad universal y altos est\u00e1ndares tecnol\u00f3gicos, consolid\u00e1ndose como un pilar diagn\u00f3stico y terap\u00e9utico esencial para las personas que se atienden en la red p\u00fablica.<br \/>\nMientras el nuevo hospital avanza hacia su apertura total \u2014prevista para el segundo semestre de 2026\u2014, el actual Hospital Cl\u00ednico Herminda Mart\u00edn continuar\u00e1 entregando todas sus prestaciones de imagenolog\u00eda hasta completar el traslado definitivo.<\/p>\n","protected":false},"excerpt":{"rendered":"<p>El megahospital da su primer paso operativo con la apertura progresiva del Servicio de Imagenolog\u00eda, que incorpora equipamiento de alta complejidad y el \u00fanico resonador magn\u00e9tico de la red p\u00fablica regional. La plena entrada en funcionamiento del recinto asistencial est\u00e1 proyectada para el segundo semestre de 2026.<\/p>\n","protected":false},"author":3,"featured_media":14768,"comment_status":"open","ping_status":"closed","sticky":false,"template":"","format":"standard","meta":{"_acf_changed":false,"_monsterinsights_skip_tracking":false,"_monsterinsights_sitenote_active":false,"_monsterinsights_sitenote_note":"","_monsterinsights_sitenote_category":0,"footnotes":""},"categories":[4],"tags":[],"class_list":["post-14766","post","type-post","status-publish","format-standard","has-post-thumbnail","hentry","category-noticias"],"acf":[],"publishpress_future_action":{"enabled":false,"date":"2026-05-04 12:13:39","action":"change-status","newStatus":"draft","terms":[],"taxonomy":"category","extraData":[]},"publishpress_future_workflow_manual_trigger":{"enabledWorkflows":[]},"_links":{"self":[{"href":"https:\/\/hospitaldechillan.cl\/web\/wp-json\/wp\/v2\/posts\/14766","targetHints":{"allow":["GET"]}}],"collection":[{"href":"https:\/\/hospitaldechillan.cl\/web\/wp-json\/wp\/v2\/posts"}],"about":[{"href":"https:\/\/hospitaldechillan.cl\/web\/wp-json\/wp\/v2\/types\/post"}],"author":[{"embeddable":true,"href":"https:\/\/hospitaldechillan.cl\/web\/wp-json\/wp\/v2\/users\/3"}],"replies":[{"embeddable":true,"href":"https:\/\/hospitaldechillan.cl\/web\/wp-json\/wp\/v2\/comments?post=14766"}],"version-history":[{"count":1,"href":"https:\/\/hospitaldechillan.cl\/web\/wp-json\/wp\/v2\/posts\/14766\/revisions"}],"predecessor-version":[{"id":14769,"href":"https:\/\/hospitaldechillan.cl\/web\/wp-json\/wp\/v2\/posts\/14766\/revisions\/14769"}],"wp:featuredmedia":[{"embeddable":true,"href":"https:\/\/hospitaldechillan.cl\/web\/wp-json\/wp\/v2\/media\/14768"}],"wp:attachment":[{"href":"https:\/\/hospitaldechillan.cl\/web\/wp-json\/wp\/v2\/media?parent=14766"}],"wp:term":[{"taxonomy":"category","embeddable":true,"href":"https:\/\/hospitaldechillan.cl\/web\/wp-json\/wp\/v2\/categories?post=14766"},{"taxonomy":"post_tag","embeddable":true,"href":"https:\/\/hospitaldechillan.cl\/web\/wp-json\/wp\/v2\/tags?post=14766"}],"curies":[{"name":"wp","href":"https:\/\/api.w.org\/{rel}","templated":true}]}}