{"id":14656,"date":"2025-10-03T15:03:56","date_gmt":"2025-10-03T19:03:56","guid":{"rendered":"https:\/\/hospitaldechillan.cl\/web\/?p=14656"},"modified":"2025-10-03T15:11:04","modified_gmt":"2025-10-03T19:11:04","slug":"nuevo-hospital-regional-de-nuble-contara-con-uno-de-los-primeros-banos-adaptados-para-personas-ostomizadas-en-chile","status":"publish","type":"post","link":"https:\/\/hospitaldechillan.cl\/web\/nuevo-hospital-regional-de-nuble-contara-con-uno-de-los-primeros-banos-adaptados-para-personas-ostomizadas-en-chile\/","title":{"rendered":"Nuevo Hospital Regional de \u00d1uble contar\u00e1 con uno de los primeros ba\u00f1os adaptados para personas ostomizadas en Chile"},"content":{"rendered":"<p>En un importante avance hacia una atenci\u00f3n m\u00e1s inclusiva y digna, el nuevo Hospital Regional de \u00d1uble incorporar\u00e1 un ba\u00f1o diferenciado para personas ostomizadas, ubicado en el segundo piso del Centro Ambulatorio de Especialidades. Este espacio fue dise\u00f1ado para brindar comodidad, higiene y seguridad, permitiendo que las y los pacientes puedan vaciar, limpiar y cambiar sus bolsas de ostom\u00eda sin tener que agacharse, reduciendo riesgos de lesiones y complicaciones en la espalda.<\/p>\n<p>\u201cVivir con una ostom\u00eda no es f\u00e1cil. Salir de casa genera ansiedad porque no existe un lugar adecuado para atender nuestras necesidades. Este ba\u00f1o ser\u00e1 un alivio para muchas personas como yo, porque nos entrega privacidad, higiene y dignidad. Es un paso gigante para sentirnos incluidos y respetados\u201d, se\u00f1al\u00f3 Paulina Riquelme, paciente ostomizada de 65 a\u00f1os y miembro de la agrupaci\u00f3n \u201cAprendiendo a vivir\u201d.<\/p>\n<p>La implementaci\u00f3n de este ba\u00f1o lo convierte en el primero de \u00d1uble y uno de los pocos del pa\u00eds, marcando un hito en el enfoque de atenci\u00f3n centrado en el paciente y en el respeto de los derechos de las personas ostomizadas.<\/p>\n<p>Para la Dra. Luz Mar\u00eda Mor\u00e1n, directora del Hospital Cl\u00ednico Herminda Mart\u00edn, \u201ceste logro es fruto de la escucha activa que hemos realizado junto a las y los pacientes. Queremos que el nuevo hospital sea un espacio inclusivo, donde nadie se sienta invisibilizado. Con este ba\u00f1o, avanzamos en equidad y en entregar condiciones dignas a todas las personas que conf\u00edan en nuestro sistema de salud\u201d, afirm\u00f3.<\/p>\n<p>En la misma l\u00ednea, Elizabeth Abarca Trivi\u00f1o, directora del Servicio de Salud, se\u00f1al\u00f3: \u201cEstamos en el nuevo Hospital Regional de \u00d1uble junto a dirigentas de las agrupaciones de personas ostomizadas, quienes durante 2024 nos plantearon la necesidad de contar con un ba\u00f1o inclusivo. Escuchamos esa petici\u00f3n y, junto al equipo, asumimos el compromiso de responder. Hoy constatamos en terreno que esa palabra se est\u00e1 cumpliendo: el hospital no solo representar\u00e1 un edificio moderno, sino un espacio pensado para entregar una atenci\u00f3n m\u00e1s integral, oportuna y con acceso universal, que ponga la dignidad y calidad de vida de las y los usuarios en el centro\u201d.<\/p>\n<p><img loading=\"lazy\" decoding=\"async\" class=\"alignnone size-medium wp-image-14658\" src=\"https:\/\/hospitaldechillan.cl\/web\/wp-content\/uploads\/2025\/10\/5-640x360.png\" alt=\"\" width=\"640\" height=\"360\" srcset=\"https:\/\/hospitaldechillan.cl\/web\/wp-content\/uploads\/2025\/10\/5-640x360.png 640w, https:\/\/hospitaldechillan.cl\/web\/wp-content\/uploads\/2025\/10\/5-1200x675.png 1200w, https:\/\/hospitaldechillan.cl\/web\/wp-content\/uploads\/2025\/10\/5-768x432.png 768w, https:\/\/hospitaldechillan.cl\/web\/wp-content\/uploads\/2025\/10\/5-1536x864.png 1536w, https:\/\/hospitaldechillan.cl\/web\/wp-content\/uploads\/2025\/10\/5.png 1600w\" sizes=\"auto, (max-width: 640px) 100vw, 640px\" \/><\/p>\n<p><strong>\u00bfQu\u00e9 es la Ostom\u00eda?<\/strong><\/p>\n<p>La ostom\u00eda es una intervenci\u00f3n quir\u00fargica que se realiza en pacientes con patolog\u00edas graves como c\u00e1ncer de colon, recto, vejiga o ano; enfermedades inflamatorias intestinales; traumatismos abdominales y otras complicaciones quir\u00fargicas. Aunque estas cirug\u00edas son vitales y salvan vidas, implican importantes desaf\u00edos f\u00edsicos, emocionales y sociales para quienes las enfrentan.<\/p>\n<p>Un ba\u00f1o para personas ostomizadas es un ba\u00f1o dise\u00f1ado con mobiliario y equipamiento espec\u00edfico para facilitar el vaciado, limpieza y cambio de la bolsa de ostom\u00eda de manera higi\u00e9nica, c\u00f3moda y con privacidad que cumple un rol clave en su cuidado:<\/p>\n<ul>\n<li>Evita que los pacientes tengan que agacharse para vaciar sus bolsas, previniendo lesiones y complicaciones en la espalda.<\/li>\n<li>Garantiza higiene y seguridad para todos, porque permite la evacuaci\u00f3n, aseo, en el mismo lugar, evitando salpicaduras y exposici\u00f3n a bacterias en la limpieza convencionales.<\/li>\n<\/ul>\n<p>La agrupaci\u00f3n de ostomizados de \u00d1uble \u201cAprendiendo a Vivir\u201d, consolidada en 1999, ha sido un actor clave en visibilizar las necesidades de estas personas, levantando sus demandas en torno a insumos, atenci\u00f3n m\u00e9dica y condiciones de inclusi\u00f3n social. La concreci\u00f3n de este ba\u00f1o en el nuevo hospital es tambi\u00e9n un reconocimiento a su perseverancia y a la voz colectiva de quienes, muchas veces invisibilizados, han trabajado por m\u00e1s de dos d\u00e9cadas para avanzar hacia un trato digno y humano.<\/p>\n","protected":false},"excerpt":{"rendered":"<p>El futuro Hospital ser\u00e1 uno de los primeros establecimientos \u2014p\u00fablicos y privados\u2014 en contar con un ba\u00f1o especialmente dise\u00f1ado para personas ostomizadas, respondiendo a una sentida necesidad de m\u00e1s de 140 pacientes que hoy viven esta condici\u00f3n en \u00d1uble.<\/p>\n","protected":false},"author":3,"featured_media":14657,"comment_status":"open","ping_status":"closed","sticky":false,"template":"","format":"standard","meta":{"_acf_changed":false,"_monsterinsights_skip_tracking":false,"_monsterinsights_sitenote_active":false,"_monsterinsights_sitenote_note":"","_monsterinsights_sitenote_category":0,"footnotes":""},"categories":[4,1],"tags":[],"class_list":["post-14656","post","type-post","status-publish","format-standard","has-post-thumbnail","hentry","category-noticias","category-sin-categoria"],"acf":[],"publishpress_future_action":{"enabled":false,"date":"2026-05-08 21:02:40","action":"change-status","newStatus":"draft","terms":[],"taxonomy":"category","extraData":[]},"publishpress_future_workflow_manual_trigger":{"enabledWorkflows":[]},"_links":{"self":[{"href":"https:\/\/hospitaldechillan.cl\/web\/wp-json\/wp\/v2\/posts\/14656","targetHints":{"allow":["GET"]}}],"collection":[{"href":"https:\/\/hospitaldechillan.cl\/web\/wp-json\/wp\/v2\/posts"}],"about":[{"href":"https:\/\/hospitaldechillan.cl\/web\/wp-json\/wp\/v2\/types\/post"}],"author":[{"embeddable":true,"href":"https:\/\/hospitaldechillan.cl\/web\/wp-json\/wp\/v2\/users\/3"}],"replies":[{"embeddable":true,"href":"https:\/\/hospitaldechillan.cl\/web\/wp-json\/wp\/v2\/comments?post=14656"}],"version-history":[{"count":1,"href":"https:\/\/hospitaldechillan.cl\/web\/wp-json\/wp\/v2\/posts\/14656\/revisions"}],"predecessor-version":[{"id":14659,"href":"https:\/\/hospitaldechillan.cl\/web\/wp-json\/wp\/v2\/posts\/14656\/revisions\/14659"}],"wp:featuredmedia":[{"embeddable":true,"href":"https:\/\/hospitaldechillan.cl\/web\/wp-json\/wp\/v2\/media\/14657"}],"wp:attachment":[{"href":"https:\/\/hospitaldechillan.cl\/web\/wp-json\/wp\/v2\/media?parent=14656"}],"wp:term":[{"taxonomy":"category","embeddable":true,"href":"https:\/\/hospitaldechillan.cl\/web\/wp-json\/wp\/v2\/categories?post=14656"},{"taxonomy":"post_tag","embeddable":true,"href":"https:\/\/hospitaldechillan.cl\/web\/wp-json\/wp\/v2\/tags?post=14656"}],"curies":[{"name":"wp","href":"https:\/\/api.w.org\/{rel}","templated":true}]}}