{"id":14649,"date":"2025-10-03T11:06:19","date_gmt":"2025-10-03T15:06:19","guid":{"rendered":"https:\/\/hospitaldechillan.cl\/web\/?p=14649"},"modified":"2025-10-03T11:06:19","modified_gmt":"2025-10-03T15:06:19","slug":"directora-en-aniversario-del-hospital-de-chillan-vamos-a-construir-el-proximo-gran-capitulo-de-la-historia-de-la-salud-en-nuble","status":"publish","type":"post","link":"https:\/\/hospitaldechillan.cl\/web\/directora-en-aniversario-del-hospital-de-chillan-vamos-a-construir-el-proximo-gran-capitulo-de-la-historia-de-la-salud-en-nuble\/","title":{"rendered":"Directora en aniversario del Hospital de Chill\u00e1n: \u201cVamos a construir el pr\u00f3ximo gran cap\u00edtulo de la historia de la salud en \u00d1uble\u201d"},"content":{"rendered":"<p>El Hospital Cl\u00ednico Herminda Mart\u00edn celebr\u00f3 ocho d\u00e9cadas de vida institucional, consolid\u00e1ndose como un pilar de la salud p\u00fablica y del desarrollo regional en \u00d1uble. La ceremonia conmemorativa, cargada de simbolismo, evoc\u00f3 el gesto filantr\u00f3pico de Herminda Mart\u00edn Mieres, quien tras el terremoto de 1939 hizo posible el nacimiento de un hospital que hasta hoy sigue escribiendo historia.<\/p>\n<p>Durante el acto realizado en Teatro Municipal, se rindi\u00f3 homenaje a los 13 directores que han encabezado la instituci\u00f3n desde 1945, entre ellos los m\u00e9dicos <strong>Dr. Reinaldo Flores, Dr. Alfredo Jungjohann, Dr. Carlos Hern\u00e1ndez, Dr. Iv\u00e1n Paul, Dr. Rodrigo Avenda\u00f1o<\/strong> y el ingeniero <strong>Luis Alberto P\u00e9rez Ojeda<\/strong>, presentes en la jornada.<\/p>\n<p><img loading=\"lazy\" decoding=\"async\" class=\"alignnone size-medium wp-image-14651\" src=\"https:\/\/hospitaldechillan.cl\/web\/wp-content\/uploads\/2025\/10\/Fotos-Tamano-web-39-640x360.png\" alt=\"\" width=\"640\" height=\"360\" srcset=\"https:\/\/hospitaldechillan.cl\/web\/wp-content\/uploads\/2025\/10\/Fotos-Tamano-web-39-640x360.png 640w, https:\/\/hospitaldechillan.cl\/web\/wp-content\/uploads\/2025\/10\/Fotos-Tamano-web-39-1200x675.png 1200w, https:\/\/hospitaldechillan.cl\/web\/wp-content\/uploads\/2025\/10\/Fotos-Tamano-web-39-768x432.png 768w, https:\/\/hospitaldechillan.cl\/web\/wp-content\/uploads\/2025\/10\/Fotos-Tamano-web-39-1536x864.png 1536w, https:\/\/hospitaldechillan.cl\/web\/wp-content\/uploads\/2025\/10\/Fotos-Tamano-web-39.png 1600w\" sizes=\"auto, (max-width: 640px) 100vw, 640px\" \/><\/p>\n<p>La directora del hospital, Dra. Luz Mar\u00eda Mor\u00e1n, subray\u00f3 que los desaf\u00edos han marcado el car\u00e1cter de la instituci\u00f3n: <em>\u201cOcho d\u00e9cadas nos han puesto a prueba en terremotos, emergencias sanitarias y la reciente que nos golpe\u00f3 duro, pero hemos aprendido a responder distinto, de manera m\u00e1s cercana y eficiente\u201d. <\/em><\/p>\n<p>En los \u00faltimos a\u00f1os, el establecimiento ha mejorado sus indicadores de eficiencia, reorganizado recursos para optimizar la atenci\u00f3n m\u00e9dica y quir\u00fargica, e incorporadas prestaciones que antes obligaban a las personas a viajar a otras ciudades. \u201cSin embargo, persiste el desaf\u00edo de reducir los tiempos de espera para especialidades y cirug\u00edas, seguimos trabajando intensamente en eso\u201d dijo la facultativa.<\/p>\n<p>El futuro se concentra en el inminente traslado al nuevo Hospital Regional de \u00d1uble, un espacio dise\u00f1ado para responder a las principales causas de enfermedad y mortalidad en la regi\u00f3n, con tecnolog\u00eda y servicios de \u00faltima generaci\u00f3n.<\/p>\n<p>La Dra. Mor\u00e1n adelant\u00f3 que la nueva infraestructura contar\u00e1 con hitos relevantes para la red asistencial: una Unidad de Hemodinamia para enfrentar patolog\u00edas cardiovasculares, atenci\u00f3n especializada en psiquiatr\u00eda infantojuvenil, la incorporaci\u00f3n de un resonador magn\u00e9tico y est\u00e1ndares arquitect\u00f3nicos que mejorar\u00e1n la experiencia de pacientes y equipos de salud.<em>\u00a0<\/em><\/p>\n<p><em>\u201cEstamos viviendo un momento hist\u00f3rico. Este nuevo hospital nos permitir\u00e1 desarrollarnos y ofrecer una atenci\u00f3n m\u00e1s digna, emp\u00e1tica y humana. Vamos a construir el pr\u00f3ximo gran cap\u00edtulo de la historia de la salud en \u00d1uble\u201d<\/em>, enfatiz\u00f3 la directora.<\/p>\n<p><img loading=\"lazy\" decoding=\"async\" class=\"alignnone size-medium wp-image-14652\" src=\"https:\/\/hospitaldechillan.cl\/web\/wp-content\/uploads\/2025\/10\/Fotos-Tamano-web-40-640x360.png\" alt=\"\" width=\"640\" height=\"360\" srcset=\"https:\/\/hospitaldechillan.cl\/web\/wp-content\/uploads\/2025\/10\/Fotos-Tamano-web-40-640x360.png 640w, https:\/\/hospitaldechillan.cl\/web\/wp-content\/uploads\/2025\/10\/Fotos-Tamano-web-40-1200x675.png 1200w, https:\/\/hospitaldechillan.cl\/web\/wp-content\/uploads\/2025\/10\/Fotos-Tamano-web-40-768x432.png 768w, https:\/\/hospitaldechillan.cl\/web\/wp-content\/uploads\/2025\/10\/Fotos-Tamano-web-40-1536x864.png 1536w, https:\/\/hospitaldechillan.cl\/web\/wp-content\/uploads\/2025\/10\/Fotos-Tamano-web-40.png 1600w\" sizes=\"auto, (max-width: 640px) 100vw, 640px\" \/><\/p>\n<p>Con esta conmemoraci\u00f3n, el hospital no solo record\u00f3 su pasado y el aporte de quienes lo han conducido, sino que tambi\u00e9n reafirm\u00f3 su compromiso con la salud p\u00fablica y con las personas de \u00d1uble, proyectando un futuro de innovaci\u00f3n, participaci\u00f3n ciudadana y cuidado integral.<\/p>\n","protected":false},"excerpt":{"rendered":"<p>En su aniversario n\u00famero 80, el principal recinto de salud de la regi\u00f3n record\u00f3 los hitos de su historia, rindi\u00f3 homenaje a quienes lo han liderado desde 1945 y destac\u00f3 los avances que marcar\u00e1n la transici\u00f3n hacia el nuevo Hospital Regional de \u00d1uble.<\/p>\n","protected":false},"author":3,"featured_media":14650,"comment_status":"open","ping_status":"closed","sticky":false,"template":"","format":"standard","meta":{"_acf_changed":false,"_monsterinsights_skip_tracking":false,"_monsterinsights_sitenote_active":false,"_monsterinsights_sitenote_note":"","_monsterinsights_sitenote_category":0,"footnotes":""},"categories":[4],"tags":[],"class_list":["post-14649","post","type-post","status-publish","format-standard","has-post-thumbnail","hentry","category-noticias"],"acf":[],"publishpress_future_action":{"enabled":false,"date":"2026-05-08 20:46:19","action":"change-status","newStatus":"draft","terms":[],"taxonomy":"category","extraData":[]},"publishpress_future_workflow_manual_trigger":{"enabledWorkflows":[]},"_links":{"self":[{"href":"https:\/\/hospitaldechillan.cl\/web\/wp-json\/wp\/v2\/posts\/14649","targetHints":{"allow":["GET"]}}],"collection":[{"href":"https:\/\/hospitaldechillan.cl\/web\/wp-json\/wp\/v2\/posts"}],"about":[{"href":"https:\/\/hospitaldechillan.cl\/web\/wp-json\/wp\/v2\/types\/post"}],"author":[{"embeddable":true,"href":"https:\/\/hospitaldechillan.cl\/web\/wp-json\/wp\/v2\/users\/3"}],"replies":[{"embeddable":true,"href":"https:\/\/hospitaldechillan.cl\/web\/wp-json\/wp\/v2\/comments?post=14649"}],"version-history":[{"count":1,"href":"https:\/\/hospitaldechillan.cl\/web\/wp-json\/wp\/v2\/posts\/14649\/revisions"}],"predecessor-version":[{"id":14653,"href":"https:\/\/hospitaldechillan.cl\/web\/wp-json\/wp\/v2\/posts\/14649\/revisions\/14653"}],"wp:featuredmedia":[{"embeddable":true,"href":"https:\/\/hospitaldechillan.cl\/web\/wp-json\/wp\/v2\/media\/14650"}],"wp:attachment":[{"href":"https:\/\/hospitaldechillan.cl\/web\/wp-json\/wp\/v2\/media?parent=14649"}],"wp:term":[{"taxonomy":"category","embeddable":true,"href":"https:\/\/hospitaldechillan.cl\/web\/wp-json\/wp\/v2\/categories?post=14649"},{"taxonomy":"post_tag","embeddable":true,"href":"https:\/\/hospitaldechillan.cl\/web\/wp-json\/wp\/v2\/tags?post=14649"}],"curies":[{"name":"wp","href":"https:\/\/api.w.org\/{rel}","templated":true}]}}