{"id":14607,"date":"2025-09-26T13:27:48","date_gmt":"2025-09-26T17:27:48","guid":{"rendered":"https:\/\/hospitaldechillan.cl\/web\/?p=14607"},"modified":"2025-09-26T13:28:45","modified_gmt":"2025-09-26T17:28:45","slug":"unidad-de-emergencias-del-hospital-regional-de-nuble-contara-con-atencion-diferenciada-y-espacios-mas-seguros","status":"publish","type":"post","link":"https:\/\/hospitaldechillan.cl\/web\/unidad-de-emergencias-del-hospital-regional-de-nuble-contara-con-atencion-diferenciada-y-espacios-mas-seguros\/","title":{"rendered":"Unidad de Emergencias del Hospital Regional de \u00d1uble contar\u00e1 con atenci\u00f3n diferenciada y espacios m\u00e1s seguros"},"content":{"rendered":"<p>A diferencia del actual Hospital Cl\u00ednico Herminda Mart\u00edn, el nuevo hospital contar\u00e1 con accesos exclusivos para cada \u00e1rea, lo que permitir\u00e1 separar los flujos de pacientes desde su llegada, lo que se traducir\u00e1 en mayor seguridad, rapidez y privacidad tanto para usuarios como para equipos cl\u00ednicos.<\/p>\n<p>La infraestructura tambi\u00e9n incorpora innovaciones como box de atenci\u00f3n individualizada, salas de espera diferenciadas, box de reanimaci\u00f3n para adultos y pediatr\u00eda, adem\u00e1s de espacios destinados a procedimientos especializados, atenci\u00f3n odontol\u00f3gica y maxilofacial.<\/p>\n<p>La Dra. Luz Mar\u00eda Mor\u00e1n, Directora del Hospital Cl\u00ednico Herminda Mart\u00edn, destac\u00f3: \u201cEn el modelo asistencial, la prioridad seguir\u00e1 siendo la misma: atender a los pacientes seg\u00fan la gravedad de sus patolog\u00edas y no por orden de llegada. Lo que cambia de manera significativa es el entorno: pasaremos de espacios limitados y compartidos a \u00e1reas m\u00e1s amplias, confortables y dise\u00f1adas para resguardar la privacidad de cada persona. Esto se traducir\u00e1 en mayor seguridad y en una experiencia de atenci\u00f3n m\u00e1s digna para los usuarios y usuarias y los equipos de salud que trabajan d\u00eda a d\u00eda en la unidad\u201d.<\/p>\n<p><img loading=\"lazy\" decoding=\"async\" class=\"alignnone size-medium wp-image-14609\" src=\"https:\/\/hospitaldechillan.cl\/web\/wp-content\/uploads\/2025\/09\/2-1-640x360.png\" alt=\"\" width=\"640\" height=\"360\" srcset=\"https:\/\/hospitaldechillan.cl\/web\/wp-content\/uploads\/2025\/09\/2-1-640x360.png 640w, https:\/\/hospitaldechillan.cl\/web\/wp-content\/uploads\/2025\/09\/2-1-1200x675.png 1200w, https:\/\/hospitaldechillan.cl\/web\/wp-content\/uploads\/2025\/09\/2-1-768x432.png 768w, https:\/\/hospitaldechillan.cl\/web\/wp-content\/uploads\/2025\/09\/2-1-1536x864.png 1536w, https:\/\/hospitaldechillan.cl\/web\/wp-content\/uploads\/2025\/09\/2-1.png 1600w\" sizes=\"auto, (max-width: 640px) 100vw, 640px\" \/><\/p>\n<p><strong>Un llamado a la Urgencia<\/strong><\/p>\n<p>El jefe (s) de la Unidad de Emergencia, Dr. Nicol\u00e1s Rubio Silveira, precis\u00f3:<br \/>\n\u201cLa unidad recibe en promedio m\u00e1s de 250 pacientes al d\u00eda, aunque en jornadas de alta demanda hemos llegado a atender hasta 350. La nueva infraestructura nos permitir\u00e1 entregar una respuesta m\u00e1s ordenada y eficiente\u201d.<\/p>\n<p>Por su parte, la urgenci\u00f3loga de la Unidad actual, Dra. Carolina M\u00e9ndez subray\u00f3: \u201cLa nueva unidad permitir\u00e1 abordar de manera m\u00e1s efectiva las situaciones cr\u00edticas, gracias al acceso a un mayor n\u00famero de ex\u00e1menes y a la proyecci\u00f3n de incorporar m\u00e1s especialistas en el mediano plazo. Pero para que esto realmente funcione, necesitamos el compromiso de la comunidad: la urgencia est\u00e1 destinada a casos de riesgo vital o de emergencia real, no a problemas de larga data que se deben resolver en la Atenci\u00f3n Primaria\u201d.<\/p>\n<p>El Dr. Rubio tambi\u00e9n explic\u00f3 la importancia de la categorizaci\u00f3n, que continuar\u00e1 aplic\u00e1ndose en el nuevo hospital: \u201cC1 corresponde a pacientes en riesgo vital, que requieren atenci\u00f3n inmediata; C2 son casos de alta gravedad, como dolor tor\u00e1cico o accidentes cerebrovasculares agudos, que deben ser atendidos en menos de 30 minutos; C3 considera patolog\u00edas urgentes que pueden esperar hasta 90 minutos; mientras que C4 y C5 son cuadros de menor complejidad, como resfr\u00edos o dolores cr\u00f3nicos, que deber\u00edan ser resueltos en la Atenci\u00f3n Primaria. Este sistema de categorizaci\u00f3n resulta fundamental porque organiza la atenci\u00f3n por gravedad y no por orden de llegada, garantizando equidad y seguridad para todos\u201d.<\/p>\n<p>Finalmente, la directora del Servicio de Salud \u00d1uble, Elizabeth Abarca Trivi\u00f1o, resalt\u00f3 el rol estrat\u00e9gico de la unidad: \u201cEn este nuevo recinto hemos trabajado para que la Unidad de Emergencia cuente con espacios m\u00e1s amplios, modernos y seguros, dise\u00f1ados para responder de manera inmediata y eficiente a las necesidades de las y los pacientes que llegan en condiciones cr\u00edticas. Se trata de un dispositivo fundamental dentro del hospital, que concentrar\u00e1 prestaciones de alta complejidad y permitir\u00e1 una atenci\u00f3n resolutiva y oportuna, fortaleciendo as\u00ed la capacidad de respuesta de nuestra red asistencial frente a las urgencias de la comunidad\u201d.<\/p>\n<p>Las autoridades reiteraron el llamado a la comunidad a hacer un uso responsable de la red de urgencias, recurriendo en primera instancia a SAPU y CESFAM en casos de menor complejidad, para as\u00ed asegurar que quienes realmente lo necesitan reciban una atenci\u00f3n oportuna y segura.<\/p>\n<p>&nbsp;<\/p>\n","protected":false},"excerpt":{"rendered":"<p>Con modernas instalaciones y un dise\u00f1o pensado en la seguridad y el confort de los pacientes, la nueva Unidad de Emergencias se convertir\u00e1 en una de las \u00e1reas clave del futuro recinto asistencial, con m\u00e1s de 3.100 m\u00b2 de superficie distribuidos en sectores para urgencias gineco obst\u00e9tricas, pedi\u00e1tricas y de adultos. <\/p>\n","protected":false},"author":3,"featured_media":14608,"comment_status":"open","ping_status":"closed","sticky":false,"template":"","format":"standard","meta":{"_acf_changed":false,"_monsterinsights_skip_tracking":false,"_monsterinsights_sitenote_active":false,"_monsterinsights_sitenote_note":"","_monsterinsights_sitenote_category":0,"footnotes":""},"categories":[4],"tags":[],"class_list":["post-14607","post","type-post","status-publish","format-standard","has-post-thumbnail","hentry","category-noticias"],"acf":[],"publishpress_future_action":{"enabled":false,"date":"2026-05-08 20:55:51","action":"change-status","newStatus":"draft","terms":[],"taxonomy":"category","extraData":[]},"publishpress_future_workflow_manual_trigger":{"enabledWorkflows":[]},"_links":{"self":[{"href":"https:\/\/hospitaldechillan.cl\/web\/wp-json\/wp\/v2\/posts\/14607","targetHints":{"allow":["GET"]}}],"collection":[{"href":"https:\/\/hospitaldechillan.cl\/web\/wp-json\/wp\/v2\/posts"}],"about":[{"href":"https:\/\/hospitaldechillan.cl\/web\/wp-json\/wp\/v2\/types\/post"}],"author":[{"embeddable":true,"href":"https:\/\/hospitaldechillan.cl\/web\/wp-json\/wp\/v2\/users\/3"}],"replies":[{"embeddable":true,"href":"https:\/\/hospitaldechillan.cl\/web\/wp-json\/wp\/v2\/comments?post=14607"}],"version-history":[{"count":2,"href":"https:\/\/hospitaldechillan.cl\/web\/wp-json\/wp\/v2\/posts\/14607\/revisions"}],"predecessor-version":[{"id":14611,"href":"https:\/\/hospitaldechillan.cl\/web\/wp-json\/wp\/v2\/posts\/14607\/revisions\/14611"}],"wp:featuredmedia":[{"embeddable":true,"href":"https:\/\/hospitaldechillan.cl\/web\/wp-json\/wp\/v2\/media\/14608"}],"wp:attachment":[{"href":"https:\/\/hospitaldechillan.cl\/web\/wp-json\/wp\/v2\/media?parent=14607"}],"wp:term":[{"taxonomy":"category","embeddable":true,"href":"https:\/\/hospitaldechillan.cl\/web\/wp-json\/wp\/v2\/categories?post=14607"},{"taxonomy":"post_tag","embeddable":true,"href":"https:\/\/hospitaldechillan.cl\/web\/wp-json\/wp\/v2\/tags?post=14607"}],"curies":[{"name":"wp","href":"https:\/\/api.w.org\/{rel}","templated":true}]}}