{"id":14595,"date":"2025-09-25T07:55:07","date_gmt":"2025-09-25T11:55:07","guid":{"rendered":"https:\/\/hospitaldechillan.cl\/web\/?p=14595"},"modified":"2025-09-25T07:56:44","modified_gmt":"2025-09-25T11:56:44","slug":"especialista-entrega-recomendaciones-para-aliviar-los-sintomas-de-las-alergias-estacionales","status":"publish","type":"post","link":"https:\/\/hospitaldechillan.cl\/web\/especialista-entrega-recomendaciones-para-aliviar-los-sintomas-de-las-alergias-estacionales\/","title":{"rendered":"Especialista entrega recomendaciones para aliviar los s\u00edntomas de las alergias estacionales"},"content":{"rendered":"<p>Esta patolog\u00eda es producida por la existencia de un componente en el ambiente capaz de inducir una respuesta inmune que est\u00e1 presente en \u00e9pocas espec\u00edficas del a\u00f1o, como la primavera, lo que conlleva a diversos s\u00edntomas que son m\u00e1s prolongados que un resfr\u00edo com\u00fan, que se caracterizan por estornudos constantes y picaz\u00f3n en los ojos y\/o nariz.<\/p>\n<p>En este sentido, ante la alta concentraci\u00f3n de p\u00f3lenes que se generan en mayor medida entre agosto y noviembre, se producen s\u00edntomas y malestares debido a estos agentes ambientales, los cuales son capaces de generar manifestaciones en el sistema inmunitario.<\/p>\n<p>De acuerdo a <strong>la inmun\u00f3loga del Hospital Cl\u00ednico Herminda Mart\u00edn de Chill\u00e1n,<\/strong> <strong>Mar\u00eda Ignacia Puente<\/strong>, a estos signos de las alergias estacionales se le suman, en ciertos casos, lagrimeo en los ojos, mucosa o moquillo nasal que escurre con facilidad, obstrucci\u00f3n de la nariz y la p\u00e9rdida del olfato.<\/p>\n<p>As\u00ed tambi\u00e9n, la especialista indic\u00f3 que <strong>la principal recomendaci\u00f3n se encuentra en no normalizar estos s\u00edntomas asociados y consultar a un especialista<\/strong>, pues explic\u00f3 que \u201cexisten tratamientos que pueden disminuir las molestias y mejorar la calidad de vida de las personas al\u00e9rgicas\u201d, detall\u00f3 Mar\u00eda Puente.<\/p>\n<p>Igualmente, en cuanto a tratamientos para disminuir los malestares, enfatiz\u00f3 que \u201cpara reducir la sintomatolog\u00eda son fundamentales los antihistam\u00ednicos conocidos como antial\u00e9rgicos y tambi\u00e9n la inmunoterapia, que son vacunas que atacan a los al\u00e9rgenos que producen las molestias\u201d, explic\u00f3 la inmun\u00f3loga.<\/p>\n<p>La profesional especific\u00f3 que gracias a estas vacunas se puede modificar el curso de las alergias, ya que producen que el cuerpo se vuelva tolerante a los aeroal\u00e9rgenos y de esa forma no s\u00f3lo logra disminuir la sintomatolog\u00eda de la rinitis, sino que evita su progresi\u00f3n hacia el asma.<\/p>\n<p>Por otra parte, la inmun\u00f3loga del Hospital de Chill\u00e1n,<strong> aconsej\u00f3 evitar salir al aire libre en d\u00edas ventosos y en \u00e9pocas cr\u00edticas resulta recomendable utilizar mascarillas o antiparras.<\/strong> Adem\u00e1s, aclar\u00f3 que en el caso de presentar muchos s\u00edntomas, se deben conducir los veh\u00edculos con las ventanas cerradas, ventilar las casas s\u00f3lo por algunos minutos y luego cerrar las ventanas para reducir el ingreso de los al\u00e9rgenos, as\u00ed como tambi\u00e9n se sugiere<strong> evitar colgar la ropa a la intemperie en las \u00e9pocas con mayor polen en el ambiente.<\/strong><\/p>\n","protected":false},"excerpt":{"rendered":"<p>A fines de septiembre inicia la primavera, una fecha en la que florecen los \u00e1rboles, las flores y con ello aumenta el polen, lo que para algunas personas es sin\u00f3nimo alergias. <\/p>\n","protected":false},"author":3,"featured_media":14596,"comment_status":"open","ping_status":"closed","sticky":false,"template":"","format":"standard","meta":{"_acf_changed":false,"_monsterinsights_skip_tracking":false,"_monsterinsights_sitenote_active":false,"_monsterinsights_sitenote_note":"","_monsterinsights_sitenote_category":0,"footnotes":""},"categories":[4],"tags":[],"class_list":["post-14595","post","type-post","status-publish","format-standard","has-post-thumbnail","hentry","category-noticias"],"acf":[],"publishpress_future_action":{"enabled":false,"date":"2026-05-08 20:45:44","action":"change-status","newStatus":"draft","terms":[],"taxonomy":"category","extraData":[]},"publishpress_future_workflow_manual_trigger":{"enabledWorkflows":[]},"_links":{"self":[{"href":"https:\/\/hospitaldechillan.cl\/web\/wp-json\/wp\/v2\/posts\/14595","targetHints":{"allow":["GET"]}}],"collection":[{"href":"https:\/\/hospitaldechillan.cl\/web\/wp-json\/wp\/v2\/posts"}],"about":[{"href":"https:\/\/hospitaldechillan.cl\/web\/wp-json\/wp\/v2\/types\/post"}],"author":[{"embeddable":true,"href":"https:\/\/hospitaldechillan.cl\/web\/wp-json\/wp\/v2\/users\/3"}],"replies":[{"embeddable":true,"href":"https:\/\/hospitaldechillan.cl\/web\/wp-json\/wp\/v2\/comments?post=14595"}],"version-history":[{"count":3,"href":"https:\/\/hospitaldechillan.cl\/web\/wp-json\/wp\/v2\/posts\/14595\/revisions"}],"predecessor-version":[{"id":14599,"href":"https:\/\/hospitaldechillan.cl\/web\/wp-json\/wp\/v2\/posts\/14595\/revisions\/14599"}],"wp:featuredmedia":[{"embeddable":true,"href":"https:\/\/hospitaldechillan.cl\/web\/wp-json\/wp\/v2\/media\/14596"}],"wp:attachment":[{"href":"https:\/\/hospitaldechillan.cl\/web\/wp-json\/wp\/v2\/media?parent=14595"}],"wp:term":[{"taxonomy":"category","embeddable":true,"href":"https:\/\/hospitaldechillan.cl\/web\/wp-json\/wp\/v2\/categories?post=14595"},{"taxonomy":"post_tag","embeddable":true,"href":"https:\/\/hospitaldechillan.cl\/web\/wp-json\/wp\/v2\/tags?post=14595"}],"curies":[{"name":"wp","href":"https:\/\/api.w.org\/{rel}","templated":true}]}}