{"id":14578,"date":"2025-09-22T15:01:10","date_gmt":"2025-09-22T19:01:10","guid":{"rendered":"https:\/\/hospitaldechillan.cl\/web\/?p=14578"},"modified":"2025-09-22T15:01:10","modified_gmt":"2025-09-22T19:01:10","slug":"dispositivos-de-urgencia-de-la-red-asistencial-se-mantuvieron-100-operativos-durante-el-fin-de-semana-largo","status":"publish","type":"post","link":"https:\/\/hospitaldechillan.cl\/web\/dispositivos-de-urgencia-de-la-red-asistencial-se-mantuvieron-100-operativos-durante-el-fin-de-semana-largo\/","title":{"rendered":"Dispositivos de Urgencia de la Red Asistencial se mantuvieron 100% operativos durante el fin de semana largo"},"content":{"rendered":"<p>En este primer d\u00eda h\u00e1bil posterior a las festividades, las autoridades de salud entregaron un balance del funcionamiento de la red asistencial, confirmando que los dispositivos de urgencia se mantuvieron completamente operativos. Seg\u00fan datos del Departamento de Estad\u00edstica e Informaci\u00f3n de Salud (DEIS), entre el 17 y 20 de septiembre se registraron 1.941 consultas en los distintos dispositivos, siendo los adultos y adultos mayores los grupos con mayor demanda, seguidos por ni\u00f1os y ni\u00f1as entre 5 y 14 a\u00f1os.<\/p>\n<p>La Directora del Servicio de Salud \u00d1uble,<strong> Elizabeth Abarca Trivi\u00f1o<\/strong>, detall\u00f3 que:\u00a0 \u201cDurante este fin de semana, los equipos demostraron nuevamente su compromiso con la salud de las y los \u00f1ublensinos, manteniendo en funcionamiento los 28 dispositivos de urgencia, tanto de Atenci\u00f3n Primaria de Salud (APS) como hospitalaria. Gracias a los planes de refuerzo, los 4 SAR, 4 SAPU, 13 SUR y 7 emergencias hospitalarias funcionaran adecuadamente, respondiendo a las necesidades de la comunidad\u201d.<\/p>\n<p>Asimismo, la autoridad recalc\u00f3: \u201cEl plan de contingencia preparado por cada establecimiento permiti\u00f3 contar con las y los profesionales y garantizar el stock de insumos y medicamentos. Esta estrategia se mantendr\u00e1 en los pr\u00f3ximos d\u00edas, para enfrentar un eventual aumento de consultas, especialmente por causas gastrointestinales o virales, que podr\u00edan incrementarse despu\u00e9s de las celebraciones\u201d.<\/p>\n<p>Por su parte, el Subdirector de Gesti\u00f3n Asistencial del SS\u00d1, <strong>Dr. Max Besser Valenzuela<\/strong>, destac\u00f3: <em>\u201c<\/em>Cabe destacar que durante estos d\u00edas no se registr\u00f3 un aumento en las hospitalizaciones, lo que permiti\u00f3 mantener descomprimidas las unidades de paciente cr\u00edtico en los hospitales de Chill\u00e1n y San Carlos. Por ello, reiteramos el llamado a la comunidad a mantener las medidas de autocuidado y a utilizar correctamente la Red Asistencial, acudiendo a los dispositivos seg\u00fan la complejidad de cada situaci\u00f3n\u201d.<\/p>\n<p><strong>Balance Hospitalario<\/strong><\/p>\n<p>La Directora del Hospital Cl\u00ednico Herminda Mart\u00edn, <strong>Dra. Luz Mar\u00eda Mor\u00e1n<\/strong>, indic\u00f3: \u201cEl despliegue de nuestros equipos de salud, en el marco del Plan de Contingencia de Fiestas Patrias, funcion\u00f3 de manera muy adecuada. Quiero agradecer especialmente a los funcionarios y funcionarias de la Unidad de Emergencia por su compromiso, a los equipos que gestionaron las camas con eficiencia y a todas y todos quienes estuvieron de turno durante los d\u00edas de festividad, garantizando el buen funcionamiento del Hospital. Las atenciones se mantuvieron dentro de los rangos habituales; principalmente consultas por patolog\u00edas gastrointestinales y siempre pudimos disponer de cupos para hospitalizaciones brindando continuidad asistencial\u201d.<\/p>\n<p>Finalmente, se reiter\u00f3 el llamado a la comunidad: ante casos de menor complejidad, acudir a las urgencias de la APS y, en caso de dudas, utilizar como primera orientaci\u00f3n el fono <strong>Salud Responde 600 360 7777.<\/strong><\/p>\n","protected":false},"excerpt":{"rendered":"<p>Finalizadas la celebraciones de Fiestas Patrias, el Servicio de Salud \u00d1uble (SS\u00d1) destac\u00f3 que los servicios de emergencia, tanto de atenci\u00f3n primaria como hospitalaria, funcionaron con normalidad, entregando atenci\u00f3n a quienes lo requirieron.  <\/p>\n","protected":false},"author":3,"featured_media":14580,"comment_status":"open","ping_status":"closed","sticky":false,"template":"","format":"standard","meta":{"_acf_changed":false,"_monsterinsights_skip_tracking":false,"_monsterinsights_sitenote_active":false,"_monsterinsights_sitenote_note":"","_monsterinsights_sitenote_category":0,"footnotes":""},"categories":[4],"tags":[],"class_list":["post-14578","post","type-post","status-publish","format-standard","has-post-thumbnail","hentry","category-noticias"],"acf":[],"publishpress_future_action":{"enabled":false,"date":"2026-05-08 22:29:06","action":"change-status","newStatus":"draft","terms":[],"taxonomy":"category","extraData":[]},"publishpress_future_workflow_manual_trigger":{"enabledWorkflows":[]},"_links":{"self":[{"href":"https:\/\/hospitaldechillan.cl\/web\/wp-json\/wp\/v2\/posts\/14578","targetHints":{"allow":["GET"]}}],"collection":[{"href":"https:\/\/hospitaldechillan.cl\/web\/wp-json\/wp\/v2\/posts"}],"about":[{"href":"https:\/\/hospitaldechillan.cl\/web\/wp-json\/wp\/v2\/types\/post"}],"author":[{"embeddable":true,"href":"https:\/\/hospitaldechillan.cl\/web\/wp-json\/wp\/v2\/users\/3"}],"replies":[{"embeddable":true,"href":"https:\/\/hospitaldechillan.cl\/web\/wp-json\/wp\/v2\/comments?post=14578"}],"version-history":[{"count":2,"href":"https:\/\/hospitaldechillan.cl\/web\/wp-json\/wp\/v2\/posts\/14578\/revisions"}],"predecessor-version":[{"id":14582,"href":"https:\/\/hospitaldechillan.cl\/web\/wp-json\/wp\/v2\/posts\/14578\/revisions\/14582"}],"wp:featuredmedia":[{"embeddable":true,"href":"https:\/\/hospitaldechillan.cl\/web\/wp-json\/wp\/v2\/media\/14580"}],"wp:attachment":[{"href":"https:\/\/hospitaldechillan.cl\/web\/wp-json\/wp\/v2\/media?parent=14578"}],"wp:term":[{"taxonomy":"category","embeddable":true,"href":"https:\/\/hospitaldechillan.cl\/web\/wp-json\/wp\/v2\/categories?post=14578"},{"taxonomy":"post_tag","embeddable":true,"href":"https:\/\/hospitaldechillan.cl\/web\/wp-json\/wp\/v2\/tags?post=14578"}],"curies":[{"name":"wp","href":"https:\/\/api.w.org\/{rel}","templated":true}]}}