{"id":14561,"date":"2025-09-17T11:56:12","date_gmt":"2025-09-17T15:56:12","guid":{"rendered":"https:\/\/hospitaldechillan.cl\/web\/?p=14561"},"modified":"2025-09-17T11:56:12","modified_gmt":"2025-09-17T15:56:12","slug":"hospital-de-chillan-mantiene-horario-de-visitas-en-fiestas-patrias-y-llama-a-no-llevar-alimentos","status":"publish","type":"post","link":"https:\/\/hospitaldechillan.cl\/web\/hospital-de-chillan-mantiene-horario-de-visitas-en-fiestas-patrias-y-llama-a-no-llevar-alimentos\/","title":{"rendered":"Hospital de Chill\u00e1n mantiene horario de visitas en Fiestas Patrias y llama a no llevar alimentos"},"content":{"rendered":"<p>El feriado extendido de las pr\u00f3ximas Fiestas Patrias no ser\u00e1 impedimento para que las y los pacientes internados en el Hospital Cl\u00ednico Herminda Mart\u00edn sean acompa\u00f1ados por sus familiares durante el horario de visita. Junto con confirmar esta medida, la Directora del Establecimiento, Dra. Luz Mar\u00eda Mor\u00e1n, llam\u00f3 a respetar las indicaciones de alimentaci\u00f3n o dieta especial y a los familiares y acompa\u00f1antes no ingresar otro tipo de alimentos.<\/p>\n<p>\u201cEn esta conmemoraci\u00f3n, la comida chilena tiene un rol protag\u00f3nico y est\u00e1 asociada a compartir, pero insistimos en que la dieta de hospital es una parte esencial del proceso de recuperaci\u00f3n y puede ayudar a garantizar que los pacientes reciban los nutrientes que necesitan para sanar.\u202fEn este sentido, somos enf\u00e1ticos en prohibir todo alimento externo y agradecemos la comprensi\u00f3n y colaboraci\u00f3n de las familias\u201d<\/p>\n<p><strong>La dieta de hospital: nutrici\u00f3n esencial para una recuperaci\u00f3n exitosa<\/strong><\/p>\n<p>Cuando alguien es hospitalizado, es importante que reciba la atenci\u00f3n m\u00e9dica adecuada, pero tambi\u00e9n es importante que reciba una nutrici\u00f3n id\u00f3nea.<\/p>\n<p>La dieta de hospital es un\u202f<strong>plan de alimentaci\u00f3n dise\u00f1ado para pacientes hospitalizados que necesitan atenci\u00f3n m\u00e9dica y nutrici\u00f3n adecuada<\/strong>.<\/p>\n<p>Este plan de alimentaci\u00f3n es creado por un dietista o nutricionista para satisfacer las necesidades nutricionales del paciente y asegurarse de que reciba los nutrientes necesarios para recuperarse.<\/p>\n<p>La dieta que ofrece el Establecimiento brinda muchos beneficios a los pacientes, incluyendo una\u202f<strong>mejor cicatrizaci\u00f3n de heridas, aumento de la energ\u00eda, disminuci\u00f3n de la fatiga, una mejor funci\u00f3n inmunol\u00f3gica y prevenci\u00f3n de complicaciones como la malnutrici\u00f3n.\u202f<\/strong><\/p>\n<p><img loading=\"lazy\" decoding=\"async\" class=\"alignnone size-medium wp-image-14562\" src=\"https:\/\/hospitaldechillan.cl\/web\/wp-content\/uploads\/2025\/09\/Fotos-Tamano-web-37-640x360.png\" alt=\"\" width=\"640\" height=\"360\" srcset=\"https:\/\/hospitaldechillan.cl\/web\/wp-content\/uploads\/2025\/09\/Fotos-Tamano-web-37-640x360.png 640w, https:\/\/hospitaldechillan.cl\/web\/wp-content\/uploads\/2025\/09\/Fotos-Tamano-web-37-1200x675.png 1200w, https:\/\/hospitaldechillan.cl\/web\/wp-content\/uploads\/2025\/09\/Fotos-Tamano-web-37-768x432.png 768w, https:\/\/hospitaldechillan.cl\/web\/wp-content\/uploads\/2025\/09\/Fotos-Tamano-web-37-1536x864.png 1536w, https:\/\/hospitaldechillan.cl\/web\/wp-content\/uploads\/2025\/09\/Fotos-Tamano-web-37.png 1600w\" sizes=\"auto, (max-width: 640px) 100vw, 640px\" \/><\/p>\n<p><strong>Horarios de visita<\/strong><\/p>\n<p>Estos son los horarios e indicaciones para las visitas de las y los pacientes dependiendo del acceso y servicio en que se encuentren hospitalizados:<\/p>\n<p><strong>Acceso de Visitas por Francisco Ram\u00edrez<\/strong><\/p>\n<table width=\"0\">\n<tbody>\n<tr>\n<td width=\"422\"><strong>M\u00f3dulos A, B y C<\/strong><\/td>\n<td width=\"169\">12:00 a 15:00 horas<\/td>\n<\/tr>\n<tr>\n<td width=\"422\"><strong>M\u00f3dulos D<\/strong><\/td>\n<td width=\"169\">12:00 a 18:00 horas<\/td>\n<\/tr>\n<tr>\n<td width=\"422\"><strong>Psiquiatr\u00eda Adulto y Psiquiatr\u00eda Infanto Juvenil<\/strong><\/td>\n<td width=\"169\">15:30 a 17:30 horas<\/td>\n<\/tr>\n<tr>\n<td width=\"422\"><strong>Neurolog\u00eda<\/strong><\/td>\n<td width=\"169\">13:00 a 15:00 horas<\/td>\n<\/tr>\n<tr>\n<td width=\"422\"><strong>Medicina<\/strong><\/td>\n<td width=\"169\">12:00 a 18:00 horas<\/td>\n<\/tr>\n<tr>\n<td width=\"422\"><strong>Anestesia y Pabellones (Recuperaci\u00f3n)<\/strong><\/td>\n<td width=\"169\">12:00 a 15:00 horas<\/td>\n<\/tr>\n<tr>\n<td width=\"422\"><strong>UTI M\u00e9dica (Sala 14)<\/strong><\/td>\n<td width=\"169\">13:00 a 15:00 horas<\/td>\n<\/tr>\n<tr>\n<td width=\"422\"><strong>Obstetricia y Ginecolog\u00eda<\/strong><\/td>\n<td width=\"169\">12:00 a 14:00 horas<br \/>\n15:00 a 19:00 horas<\/td>\n<\/tr>\n<tr>\n<td width=\"422\"><strong>Obstetricia y Ginecolog\u00eda (Sala 4)<\/strong><\/td>\n<td width=\"169\">15:00 a 17:00 horas<\/td>\n<\/tr>\n<tr>\n<td width=\"422\"><strong>Servicio de Anestesia y Pabellones<\/strong><\/td>\n<td width=\"169\">12:00 a 15:00 horas<\/td>\n<\/tr>\n<\/tbody>\n<\/table>\n<p>&nbsp;<\/p>\n<p><strong>Acceso de Visitas por Urgencia de Obstetricia y Ginecolog\u00eda<\/strong><\/p>\n<table width=\"0\">\n<tbody>\n<tr>\n<td width=\"420\"><strong>UTI M\u00e9dico Quir\u00fargica (Salas 1 y 2)<\/strong><\/td>\n<td width=\"171\">13:00 a 15:00 horas<\/td>\n<\/tr>\n<\/tbody>\n<\/table>\n<p>&nbsp;<\/p>\n<p><strong>Acceso de Visitas por Av. Argentina<\/strong><\/p>\n<table width=\"0\">\n<tbody>\n<tr>\n<td><strong>Unidad de Paciente Cr\u00edtico Adulto<\/strong><\/td>\n<td><strong>13:00 a 15:00 horas<\/strong><\/td>\n<\/tr>\n<tr>\n<td><strong>Unidad de Paciente Cr\u00edtico Infantil<\/strong><\/td>\n<td><strong>Acompa\u00f1amiento 24 horas<\/strong><\/td>\n<\/tr>\n<tr>\n<td><strong>Pediatr\u00eda y Cirug\u00eda Infantil<\/strong><\/td>\n<td><strong>Acompa\u00f1amiento 24 horas<\/strong><\/td>\n<\/tr>\n<tr>\n<td><strong>Unidad de Neonatolog\u00eda<\/strong><\/td>\n<td><strong>Acompa\u00f1amiento 24 horas<\/strong><\/td>\n<\/tr>\n<\/tbody>\n<\/table>\n<p><strong>*A su vez las visitas (adem\u00e1s de mam\u00e1, pap\u00e1 o acompa\u00f1ante registrado) a servicios pedi\u00e1tricos pueden ingresar de\u00a0 16 a 17 horas.<\/strong><\/p>\n<p><strong>\u00a0<\/strong><\/p>\n<p><strong>\u00a0<\/strong><\/p>\n<p><strong>\u00a0<\/strong><\/p>\n","protected":false},"excerpt":{"rendered":"<p>Directivos recuerdan que est\u00e1 prohibido el ingreso de alimentos al Establecimiento, pues perjudican la dieta de pacientes hospitalizados.<\/p>\n","protected":false},"author":3,"featured_media":14563,"comment_status":"open","ping_status":"closed","sticky":false,"template":"","format":"standard","meta":{"_acf_changed":false,"_monsterinsights_skip_tracking":false,"_monsterinsights_sitenote_active":false,"_monsterinsights_sitenote_note":"","_monsterinsights_sitenote_category":0,"footnotes":""},"categories":[4],"tags":[],"class_list":["post-14561","post","type-post","status-publish","format-standard","has-post-thumbnail","hentry","category-noticias"],"acf":[],"publishpress_future_action":{"enabled":false,"date":"2026-05-08 20:53:01","action":"change-status","newStatus":"draft","terms":[],"taxonomy":"category","extraData":[]},"publishpress_future_workflow_manual_trigger":{"enabledWorkflows":[]},"_links":{"self":[{"href":"https:\/\/hospitaldechillan.cl\/web\/wp-json\/wp\/v2\/posts\/14561","targetHints":{"allow":["GET"]}}],"collection":[{"href":"https:\/\/hospitaldechillan.cl\/web\/wp-json\/wp\/v2\/posts"}],"about":[{"href":"https:\/\/hospitaldechillan.cl\/web\/wp-json\/wp\/v2\/types\/post"}],"author":[{"embeddable":true,"href":"https:\/\/hospitaldechillan.cl\/web\/wp-json\/wp\/v2\/users\/3"}],"replies":[{"embeddable":true,"href":"https:\/\/hospitaldechillan.cl\/web\/wp-json\/wp\/v2\/comments?post=14561"}],"version-history":[{"count":4,"href":"https:\/\/hospitaldechillan.cl\/web\/wp-json\/wp\/v2\/posts\/14561\/revisions"}],"predecessor-version":[{"id":14567,"href":"https:\/\/hospitaldechillan.cl\/web\/wp-json\/wp\/v2\/posts\/14561\/revisions\/14567"}],"wp:featuredmedia":[{"embeddable":true,"href":"https:\/\/hospitaldechillan.cl\/web\/wp-json\/wp\/v2\/media\/14563"}],"wp:attachment":[{"href":"https:\/\/hospitaldechillan.cl\/web\/wp-json\/wp\/v2\/media?parent=14561"}],"wp:term":[{"taxonomy":"category","embeddable":true,"href":"https:\/\/hospitaldechillan.cl\/web\/wp-json\/wp\/v2\/categories?post=14561"},{"taxonomy":"post_tag","embeddable":true,"href":"https:\/\/hospitaldechillan.cl\/web\/wp-json\/wp\/v2\/tags?post=14561"}],"curies":[{"name":"wp","href":"https:\/\/api.w.org\/{rel}","templated":true}]}}