{"id":14468,"date":"2025-09-04T16:04:49","date_gmt":"2025-09-04T20:04:49","guid":{"rendered":"https:\/\/hospitaldechillan.cl\/web\/?p=14468"},"modified":"2025-09-04T16:31:26","modified_gmt":"2025-09-04T20:31:26","slug":"nuble-contara-con-una-unidad-geriatrica-en-su-nuevo-hospital-regional","status":"publish","type":"post","link":"https:\/\/hospitaldechillan.cl\/web\/nuble-contara-con-una-unidad-geriatrica-en-su-nuevo-hospital-regional\/","title":{"rendered":"\u00d1uble contar\u00e1 con una Unidad Geri\u00e1trica en su nuevo Hospital regional"},"content":{"rendered":"<p>Consciente de que \u00d1uble es una de las regiones m\u00e1s envejecidas del pa\u00eds y de los desaf\u00edos que ello implica, el nuevo Hospital Regional dispondr\u00e1 de una <strong>Unidad Geri\u00e1trica de Agudos, <\/strong>convirti\u00e9ndose en una de las doce que existen en hospitales p\u00fablicos a nivel nacional.<\/p>\n<p>As\u00ed lo confirm\u00f3 la directora del Hospital Cl\u00ednico Herminda Mart\u00edn, <strong>Dra. Luz Mar\u00eda Mor\u00e1n<\/strong>, durante la sesi\u00f3n especial de la Comisi\u00f3n de Salud de la C\u00e1mara de Diputadas y Diputados, realizada hoy en San Carlos.<\/p>\n<p>La UGA contar\u00e1 con 8 camas de hospitalizaci\u00f3n de complejidad media, ubicadas en una de las torres cl\u00ednicas del futuro recinto asistencial. A diferencia de las unidades de larga estad\u00eda, este modelo se centra en brindar atenci\u00f3n intensiva y multidisciplinaria a personas mayores que enfrentan una enfermedad aguda, caracterizada por una aparici\u00f3n repentina y generalmente de corta duraci\u00f3n, con el potencial de recuperar su funcionalidad y movilidad.<\/p>\n<p>La Dra. Mor\u00e1n explic\u00f3 que se trata de un modelo de atenci\u00f3n <strong>centrado en la persona<\/strong>, con planes terap\u00e9uticos ajustados a cada necesidad. \u201cEst\u00e1 muy alejado del concepto de larga estad\u00eda o internaci\u00f3n prolongada. Todo lo contrario: la hospitalizaci\u00f3n debe ser un evento excepcional en la vida de cualquier persona, incluida la poblaci\u00f3n mayor, ya que implica riesgos como desarraigo, deterioro de funciones, infecciones o ca\u00eddas. En estas unidades, los pacientes tienen una mayor probabilidad de regresar a sus hogares en comparaci\u00f3n con otros servicios\u201d, detall\u00f3.<\/p>\n<p>La facultativa adem\u00e1s recalc\u00f3: \u201cEste gran hito es posible gracias al equipo de geriatras con el que cuenta el Hospital Cl\u00ednico Herminda Mart\u00edn, el cual demuestra su compromiso para desarrollar esta gran iniciativa\u201d.<\/p>\n<p><img loading=\"lazy\" decoding=\"async\" class=\"alignnone size-medium wp-image-14469\" src=\"https:\/\/hospitaldechillan.cl\/web\/wp-content\/uploads\/2025\/09\/2-640x360.png\" alt=\"\" width=\"640\" height=\"360\" srcset=\"https:\/\/hospitaldechillan.cl\/web\/wp-content\/uploads\/2025\/09\/2-640x360.png 640w, https:\/\/hospitaldechillan.cl\/web\/wp-content\/uploads\/2025\/09\/2-1200x675.png 1200w, https:\/\/hospitaldechillan.cl\/web\/wp-content\/uploads\/2025\/09\/2-768x432.png 768w, https:\/\/hospitaldechillan.cl\/web\/wp-content\/uploads\/2025\/09\/2-1536x864.png 1536w, https:\/\/hospitaldechillan.cl\/web\/wp-content\/uploads\/2025\/09\/2.png 1600w\" sizes=\"auto, (max-width: 640px) 100vw, 640px\" \/><\/p>\n<p>Por su parte, la directora del Servicio de Salud \u00d1uble, <strong>Elizabeth Abarca Trivi\u00f1o<\/strong> destac\u00f3: \u201cPara nuestra red de atenci\u00f3n y para las personas mayores, la habilitaci\u00f3n de esta unidad es una tremenda noticia. Sabemos que reincorporarse tempranamente a su hogar y entorno familiar es lo m\u00e1s beneficioso, y con esta unidad especializada podremos entregar esa oportunidad con un enfoque cl\u00ednico de excelencia\u201d.<\/p>\n<p>\u201c\u00d1uble es una de las regiones m\u00e1s envejecidas del pa\u00eds, por lo que necesitamos dar respuestas concretas a esta realidad. La Unidad Geri\u00e1trica de Agudos nos permitir\u00e1 optimizar recursos y brindar atenci\u00f3n especializada en el nuevo hospital\u201d, agreg\u00f3 la autoridad.<\/p>\n<p><strong>Caracter\u00edsticas de la futura unidad<\/strong><\/p>\n<p>Este tipo de unidades ya funciona en hospitales p\u00fablicos y privados del pa\u00eds, mostrando resultados consistentes:<\/p>\n<ul>\n<li>Reducci\u00f3n de hasta un 25% en la estad\u00eda hospitalaria.<\/li>\n<li>Menor deterioro f\u00edsico y cognitivo asociado a la hospitalizaci\u00f3n.<\/li>\n<li>Disminuci\u00f3n del deterioro funcional agudo en un 13%.<\/li>\n<li>Menores tasas de mortalidad (23% versus 48,3% en hospitalizaci\u00f3n tradicional).<\/li>\n<li>Reducci\u00f3n de costos directos de hospitalizaci\u00f3n.<\/li>\n<\/ul>\n<p>La nueva UGA de \u00d1uble dispondr\u00e1 de un entorno hospitalario adaptado a las necesidades de las personas mayores, con un equipo multidisciplinario compuesto por kinesi\u00f3logos, terapeutas ocupacionales, nutricionistas, psic\u00f3logos y otros profesionales, liderados por un geriatra.<\/p>\n<p>El Censo 2024 confirma que el envejecimiento en \u00d1uble avanza de manera acelerada, con un crecimiento significativo de la poblaci\u00f3n mayor. Las proyecciones indican que hacia 2035 este grupo etario representar\u00e1 el 31,4% de la poblaci\u00f3n regional.<\/p>\n<p>Con esta nueva unidad, el Hospital Regional de \u00d1uble marcar\u00e1 un hito en la atenci\u00f3n geri\u00e1trica del pa\u00eds, al integrar un modelo innovador, costo-efectivo y con resultados probados, que beneficiar\u00e1 directamente a las personas mayores de la regi\u00f3n y a sus familias.<\/p>\n","protected":false},"excerpt":{"rendered":"<p>La futura Unidad Geri\u00e1trica de Agudos (UGA) ser\u00e1 una de las 12 existentes en hospitales p\u00fablicos del pa\u00eds. Permitir\u00e1 entregar atenci\u00f3n especializada y multidisciplinaria a personas mayores con problemas de salud agudos, reduciendo los d\u00edas de hospitalizaci\u00f3n y mejorando las posibilidades de reintegrarse a su vida familiar y comunitaria.<\/p>\n","protected":false},"author":3,"featured_media":14471,"comment_status":"open","ping_status":"closed","sticky":false,"template":"","format":"standard","meta":{"_acf_changed":false,"_monsterinsights_skip_tracking":false,"_monsterinsights_sitenote_active":false,"_monsterinsights_sitenote_note":"","_monsterinsights_sitenote_category":0,"footnotes":""},"categories":[4],"tags":[],"class_list":["post-14468","post","type-post","status-publish","format-standard","has-post-thumbnail","hentry","category-noticias"],"acf":[],"publishpress_future_action":{"enabled":false,"date":"2026-05-07 20:08:50","action":"change-status","newStatus":"draft","terms":[],"taxonomy":"category","extraData":[]},"publishpress_future_workflow_manual_trigger":{"enabledWorkflows":[]},"_links":{"self":[{"href":"https:\/\/hospitaldechillan.cl\/web\/wp-json\/wp\/v2\/posts\/14468","targetHints":{"allow":["GET"]}}],"collection":[{"href":"https:\/\/hospitaldechillan.cl\/web\/wp-json\/wp\/v2\/posts"}],"about":[{"href":"https:\/\/hospitaldechillan.cl\/web\/wp-json\/wp\/v2\/types\/post"}],"author":[{"embeddable":true,"href":"https:\/\/hospitaldechillan.cl\/web\/wp-json\/wp\/v2\/users\/3"}],"replies":[{"embeddable":true,"href":"https:\/\/hospitaldechillan.cl\/web\/wp-json\/wp\/v2\/comments?post=14468"}],"version-history":[{"count":2,"href":"https:\/\/hospitaldechillan.cl\/web\/wp-json\/wp\/v2\/posts\/14468\/revisions"}],"predecessor-version":[{"id":14472,"href":"https:\/\/hospitaldechillan.cl\/web\/wp-json\/wp\/v2\/posts\/14468\/revisions\/14472"}],"wp:featuredmedia":[{"embeddable":true,"href":"https:\/\/hospitaldechillan.cl\/web\/wp-json\/wp\/v2\/media\/14471"}],"wp:attachment":[{"href":"https:\/\/hospitaldechillan.cl\/web\/wp-json\/wp\/v2\/media?parent=14468"}],"wp:term":[{"taxonomy":"category","embeddable":true,"href":"https:\/\/hospitaldechillan.cl\/web\/wp-json\/wp\/v2\/categories?post=14468"},{"taxonomy":"post_tag","embeddable":true,"href":"https:\/\/hospitaldechillan.cl\/web\/wp-json\/wp\/v2\/tags?post=14468"}],"curies":[{"name":"wp","href":"https:\/\/api.w.org\/{rel}","templated":true}]}}