{"id":14392,"date":"2025-08-25T17:40:17","date_gmt":"2025-08-25T21:40:17","guid":{"rendered":"https:\/\/hospitaldechillan.cl\/web\/?p=14392"},"modified":"2025-08-26T12:32:08","modified_gmt":"2025-08-26T16:32:08","slug":"hospital-de-chillan-realizo-las-primeras-jornadas-de-infectologia-en-nuble","status":"publish","type":"post","link":"https:\/\/hospitaldechillan.cl\/web\/hospital-de-chillan-realizo-las-primeras-jornadas-de-infectologia-en-nuble\/","title":{"rendered":"Hospital de Chill\u00e1n realiz\u00f3 las Primeras Jornadas de Infectolog\u00eda en \u00d1uble"},"content":{"rendered":"<p>La actividad pionera en \u00d1uble organizada por la Unidad de Epidemiologia e Infectolog\u00eda del Hospital Cl\u00ednico Herminda Mart\u00edn y la Facultad de Ciencias de la Salud y Alimentos de la Universidad del BioB\u00edo, cont\u00f3 con importantes especialistas de la red de atenci\u00f3n p\u00fablica de salud y de diversas universidades del pa\u00eds, los cuales expusieron destacados temas relacionados a las enfermedades infecciosas.<\/p>\n<p>Entre las presentaciones de referentes en la materia, destac\u00f3 la exposici\u00f3n de la Dra. In\u00e9s Cer\u00f3n, Infect\u00f3loga del Hospital Cl\u00ednico de la Universidad Cat\u00f3lica y Presidenta del Comit\u00e9 de Infecciones Asociadas a la Atenci\u00f3n en Salud y de la Sociedad Chilena de Infectolog\u00eda.<\/p>\n<p>La participaci\u00f3n de la representante de la sociedad infectol\u00f3gica, fue fundamental para dar comienzo a la jornada, ya que instal\u00f3 la tem\u00e1tica relacionada a la resistencia antimicrobiana que, de acuerdo a su ponencia, es uno de los principales problemas microbiol\u00f3gicos a nivel mundial, ya que las herramientas terap\u00e9uticas son limitadas, por tanto plantear estas problem\u00e1ticas, favorece el desarrollo de medidas de prevenci\u00f3n adecuadas.<\/p>\n<p>Sobre la jornada, la especialista en infectolog\u00eda mencion\u00f3 que los asuntos abordados \u201ctienen un gran impacto en la atenci\u00f3n de calidad hacia los pacientes, porque van m\u00e1s all\u00e1 del manejo cl\u00ednico, tienen que ver con la prevenci\u00f3n de las infecciones asociadas a la atenci\u00f3n de salud y con el uso apropiado de los antibi\u00f3ticos, lo que a la larga ayuda a prevenir o disminuir la resistencia microbiana\u201d, se\u00f1al\u00f3 la Dra. In\u00e9s Cer\u00f3n.<\/p>\n<p>En la misma l\u00ednea, el Dr. Gerardo Fern\u00e1ndez, jefe de la Unidad de Epidemiologia e Infectolog\u00eda del Hospital Cl\u00ednico Herminda Martin, enfatiz\u00f3 que el prop\u00f3sito de estas instancias \u201cse encuentra en mejorar la brecha de conocimiento a trav\u00e9s de capacitaciones que permiten actualizar el conocimiento de la red de salud tanto en el sector p\u00fablico como privado\u201d, resalt\u00f3 el profesional, quien adem\u00e1s destac\u00f3 el despliegue de los equipos locales que permitieron el desarrollo de la iniciativa que marc\u00f3 un precedente en \u00d1uble.<\/p>\n<p>Por su parte, la prorrectora de la casa de estudios, Dra. Ang\u00e9lica Caro, valor\u00f3 la posibilidad de acoger estas primeras jornadas, ya que brindaron un espacio de conversaci\u00f3n entre estudiantes, expertos, acad\u00e9micos y profesionales.<\/p>\n<p><img loading=\"lazy\" decoding=\"async\" class=\"alignnone size-medium wp-image-14395\" src=\"https:\/\/hospitaldechillan.cl\/web\/wp-content\/uploads\/2025\/08\/Fotos-Tamano-web-18-640x360.jpg\" alt=\"\" width=\"640\" height=\"360\" srcset=\"https:\/\/hospitaldechillan.cl\/web\/wp-content\/uploads\/2025\/08\/Fotos-Tamano-web-18-640x360.jpg 640w, https:\/\/hospitaldechillan.cl\/web\/wp-content\/uploads\/2025\/08\/Fotos-Tamano-web-18-1200x675.jpg 1200w, https:\/\/hospitaldechillan.cl\/web\/wp-content\/uploads\/2025\/08\/Fotos-Tamano-web-18-768x432.jpg 768w, https:\/\/hospitaldechillan.cl\/web\/wp-content\/uploads\/2025\/08\/Fotos-Tamano-web-18-1536x864.jpg 1536w, https:\/\/hospitaldechillan.cl\/web\/wp-content\/uploads\/2025\/08\/Fotos-Tamano-web-18.jpg 1600w\" sizes=\"auto, (max-width: 640px) 100vw, 640px\" \/><\/p>\n<p>Una de las asistentes de la jornada, Jocelyn Riquelme, Tecn\u00f3loga M\u00e9dica del \u00e1rea microbiol\u00f3gica del Hospital de San Carlos, indic\u00f3 que la calidad de informaci\u00f3n que se entreg\u00f3 durante las presentaciones le permiti\u00f3 acercarse y evidenciar los avances epidemiol\u00f3gicos que se est\u00e1n logrando a lo largo del pa\u00eds.<\/p>\n<p>De este modo, por medio de las jornadas de infectolog\u00eda desarrolladas por el Hospital de Chill\u00e1n, los y las especialistas del \u00e1rea de la salud de todo el pa\u00eds, lograron reforzar y actualizar conocimientos sobre la resistencia microbiana, entre otras materias, adquiriendo aprendizajes que podr\u00e1n retroalimentar en cada uno de sus establecimientos asistenciales.<\/p>\n<p>&nbsp;<\/p>\n<p>&nbsp;<\/p>\n<p>&nbsp;<\/p>\n","protected":false},"excerpt":{"rendered":"<p>Una instancia de aprendizaje y di\u00e1logo sobre los desaf\u00edos locales de la resistencia microbiana y las infecciones reuni\u00f3 a equipos de salud de la Regi\u00f3n.<\/p>\n","protected":false},"author":3,"featured_media":14393,"comment_status":"open","ping_status":"closed","sticky":false,"template":"","format":"standard","meta":{"_acf_changed":false,"_monsterinsights_skip_tracking":false,"_monsterinsights_sitenote_active":false,"_monsterinsights_sitenote_note":"","_monsterinsights_sitenote_category":0,"footnotes":""},"categories":[4],"tags":[],"class_list":["post-14392","post","type-post","status-publish","format-standard","has-post-thumbnail","hentry","category-noticias"],"acf":[],"publishpress_future_action":{"enabled":false,"date":"2026-05-06 23:54:30","action":"change-status","newStatus":"draft","terms":[],"taxonomy":"category","extraData":[]},"publishpress_future_workflow_manual_trigger":{"enabledWorkflows":[]},"_links":{"self":[{"href":"https:\/\/hospitaldechillan.cl\/web\/wp-json\/wp\/v2\/posts\/14392","targetHints":{"allow":["GET"]}}],"collection":[{"href":"https:\/\/hospitaldechillan.cl\/web\/wp-json\/wp\/v2\/posts"}],"about":[{"href":"https:\/\/hospitaldechillan.cl\/web\/wp-json\/wp\/v2\/types\/post"}],"author":[{"embeddable":true,"href":"https:\/\/hospitaldechillan.cl\/web\/wp-json\/wp\/v2\/users\/3"}],"replies":[{"embeddable":true,"href":"https:\/\/hospitaldechillan.cl\/web\/wp-json\/wp\/v2\/comments?post=14392"}],"version-history":[{"count":2,"href":"https:\/\/hospitaldechillan.cl\/web\/wp-json\/wp\/v2\/posts\/14392\/revisions"}],"predecessor-version":[{"id":14397,"href":"https:\/\/hospitaldechillan.cl\/web\/wp-json\/wp\/v2\/posts\/14392\/revisions\/14397"}],"wp:featuredmedia":[{"embeddable":true,"href":"https:\/\/hospitaldechillan.cl\/web\/wp-json\/wp\/v2\/media\/14393"}],"wp:attachment":[{"href":"https:\/\/hospitaldechillan.cl\/web\/wp-json\/wp\/v2\/media?parent=14392"}],"wp:term":[{"taxonomy":"category","embeddable":true,"href":"https:\/\/hospitaldechillan.cl\/web\/wp-json\/wp\/v2\/categories?post=14392"},{"taxonomy":"post_tag","embeddable":true,"href":"https:\/\/hospitaldechillan.cl\/web\/wp-json\/wp\/v2\/tags?post=14392"}],"curies":[{"name":"wp","href":"https:\/\/api.w.org\/{rel}","templated":true}]}}