{"id":1411,"date":"2015-09-23T17:52:49","date_gmt":"2015-09-23T21:52:49","guid":{"rendered":"http:\/\/hospitaldechillan.cl\/web\/?p=1411"},"modified":"2015-09-23T17:53:25","modified_gmt":"2015-09-23T21:53:25","slug":"nueva-procuracion-de-organos-permite-beneficiar-hasta-cinco-usuarios-que-requieren-trasplante","status":"publish","type":"post","link":"https:\/\/hospitaldechillan.cl\/web\/nueva-procuracion-de-organos-permite-beneficiar-hasta-cinco-usuarios-que-requieren-trasplante\/","title":{"rendered":"Nueva procuraci\u00f3n de \u00f3rganos permite beneficiar hasta cinco usuarios que requieren trasplante"},"content":{"rendered":"<p>La tercera procuraci\u00f3n m\u00faltiple de \u00f3rganos de este a\u00f1o se realiz\u00f3 en horas de la tarde de hoy en el Hospital Cl\u00ednico Herminda Mart\u00edn. El paciente de 46 a\u00f1os, ingres\u00f3 al Establecimiento el 16 de septiembre luego de sufrir un accidente de tr\u00e1nsito, que le provoc\u00f3 serias lesiones, que determinaron su fallecimiento pese al esfuerzo del equipo asistencial que lo atendi\u00f3. <\/p>\n<p>Su muerte cerebral fue certificada por un neurocirujano a las 23 horas de ayer, comenzando de esta forma el trabajo de la Unidad de Procuraci\u00f3n y Donaci\u00f3n de \u00f3rganos y tejidos, que involucra tambi\u00e9n la conversaci\u00f3n, acogida y autorizaci\u00f3n de la familia del paciente; y la coordinaci\u00f3n con los especialistas de diversos centros asistenciales que participaron del procuramiento.  <\/p>\n<p>Durante el procedimiento que comenz\u00f3 cerca de las 13 horas se extrajeron ri\u00f1ones, h\u00edgado y pulmones, por profesionales provenientes de los Hospitales Las Higueras, Cl\u00ednico de la Universidad Cat\u00f3lica y la Cl\u00ednica Santa Mar\u00eda.<\/p>\n<p>\u201cCada vez que debemos comunicar una noticia como esta, lo primero que hacemos es entregar nuestro sentido p\u00e9same a la familia del paciente, y al mismo tiempo agradecemos profundamente el gesto de donar los \u00f3rganos, ya que de esta manera contribuimos a dar vida a otras personas que en muchas ocasiones est\u00e1n en largas listas de espera, para tener otra oportunidad de salvar su vida.<br \/>\nDurante el \u00faltimo tiempo este llamado se ha hecho de forma m\u00e1s reiterada, por eso cada vez que se produce debemos destacar el gesto altruista del propio paciente y sobre todo de su familia\u201d, sostuvo el director del Hospital, Dr. Rodrigo Avenda\u00f1o.<\/p>\n<p><strong>CORRIDA D\u00cdA DEL DONANTE DE \u00d3RGANOS<\/strong><\/p>\n<p>Este procedimiento, se realiza a cuatro d\u00edas de la conmemoraci\u00f3n del D\u00eda Nacional del Donante de \u00f3rganos, fecha que en esta ocasi\u00f3n se recordar\u00e1 con una gran corrida familiar, que se desarrollar\u00e1 este domingo 27 de septiembre desde las 9 de la ma\u00f1ana, frente a la Gobernaci\u00f3n. <\/p>\n<p>El evento deportivo, pretende difundir un estilo de vida saludable para las familias de la provincia, teniendo tres competencias: vuelta a la plaza; 2,5 Km y 5 Km, en las que podr\u00e1n participar personas de todas las edades. <\/p>\n<p>La competencia es organizada en conjunto por la Unidad de Procuraci\u00f3n y Donaci\u00f3n de \u00f3rganos del Hospital y por la carrera de Pedagog\u00eda en Educaci\u00f3n F\u00edsica de la Universidad del B\u00edo Bio. <\/p>\n","protected":false},"excerpt":{"rendered":"<p>En esta ocasi\u00f3n se extrajeron ri\u00f1ones, pulmones e h\u00edgado, por especialistas provenientes de diferentes hospitales del pa\u00eds.<\/p>\n","protected":false},"author":3,"featured_media":1412,"comment_status":"open","ping_status":"closed","sticky":false,"template":"","format":"standard","meta":{"_acf_changed":false,"_monsterinsights_skip_tracking":false,"_monsterinsights_sitenote_active":false,"_monsterinsights_sitenote_note":"","_monsterinsights_sitenote_category":0,"footnotes":""},"categories":[4],"tags":[],"class_list":["post-1411","post","type-post","status-publish","format-standard","has-post-thumbnail","hentry","category-noticias"],"acf":[],"publishpress_future_action":{"enabled":false,"date":"2026-05-05 10:13:11","action":"change-status","newStatus":"draft","terms":[],"taxonomy":"category","extraData":[]},"publishpress_future_workflow_manual_trigger":{"enabledWorkflows":[]},"_links":{"self":[{"href":"https:\/\/hospitaldechillan.cl\/web\/wp-json\/wp\/v2\/posts\/1411","targetHints":{"allow":["GET"]}}],"collection":[{"href":"https:\/\/hospitaldechillan.cl\/web\/wp-json\/wp\/v2\/posts"}],"about":[{"href":"https:\/\/hospitaldechillan.cl\/web\/wp-json\/wp\/v2\/types\/post"}],"author":[{"embeddable":true,"href":"https:\/\/hospitaldechillan.cl\/web\/wp-json\/wp\/v2\/users\/3"}],"replies":[{"embeddable":true,"href":"https:\/\/hospitaldechillan.cl\/web\/wp-json\/wp\/v2\/comments?post=1411"}],"version-history":[{"count":0,"href":"https:\/\/hospitaldechillan.cl\/web\/wp-json\/wp\/v2\/posts\/1411\/revisions"}],"wp:featuredmedia":[{"embeddable":true,"href":"https:\/\/hospitaldechillan.cl\/web\/wp-json\/wp\/v2\/media\/1412"}],"wp:attachment":[{"href":"https:\/\/hospitaldechillan.cl\/web\/wp-json\/wp\/v2\/media?parent=1411"}],"wp:term":[{"taxonomy":"category","embeddable":true,"href":"https:\/\/hospitaldechillan.cl\/web\/wp-json\/wp\/v2\/categories?post=1411"},{"taxonomy":"post_tag","embeddable":true,"href":"https:\/\/hospitaldechillan.cl\/web\/wp-json\/wp\/v2\/tags?post=1411"}],"curies":[{"name":"wp","href":"https:\/\/api.w.org\/{rel}","templated":true}]}}