{"id":14097,"date":"2025-07-23T13:00:21","date_gmt":"2025-07-23T17:00:21","guid":{"rendered":"https:\/\/hospitaldechillan.cl\/web\/?p=14097"},"modified":"2025-07-23T13:07:19","modified_gmt":"2025-07-23T17:07:19","slug":"ges-20-anos-garantizando-tratamiento-para-patologias-de-riesgo-como-el-accidente-cerebro-vascular-y-el-infarto-agudo-al-miocardio","status":"publish","type":"post","link":"https:\/\/hospitaldechillan.cl\/web\/ges-20-anos-garantizando-tratamiento-para-patologias-de-riesgo-como-el-accidente-cerebro-vascular-y-el-infarto-agudo-al-miocardio\/","title":{"rendered":"GES: 20 a\u00f1os garantizando tratamiento para patolog\u00edas de riesgo como el Accidente Cerebro Vascular y el Infarto Agudo al Miocardio"},"content":{"rendered":"<p>A dos d\u00e9cadas de su implementaci\u00f3n, el R\u00e9gimen de Garant\u00edas Expl\u00edcitas en Salud (GES) ha marcado un antes y un despu\u00e9s en el acceso y oportunidad de atenci\u00f3n para personas que sufren patolog\u00edas de alto riesgo y prevalencia, como el Accidente Cerebrovascular (ACV) Isqu\u00e9mico y el Infarto Agudo al Miocardio (IAM). Su inclusi\u00f3n en el GES\/AUGE ha traducido en una disminuci\u00f3n de la mortalidad y una mejor calidad de vida para los usuarios del sistema de salud.<\/p>\n<p>Durante el a\u00f1o 2024, en \u00d1uble, 751 personas ingresaron al GES por IAM y 1.217 por ACV, con una tasa de mortalidad de 74,4 y 65,4 personas por cada 100 mil habitantes, respectivamente.<\/p>\n<p>Al respecto, la Directora del Servicio de Salud \u00d1uble (SS\u00d1), Elizabeth Abarca Trivi\u00f1o, valor\u00f3 el impacto de esta pol\u00edtica p\u00fablica. \u201cEl GES ha permitido estandarizar los procesos y fortalecer las rutas asistenciales para el manejo del ACV Isqu\u00e9mico y el IAM. Esto se traduce en una mayor oportunidad en la atenci\u00f3n, acceso a tromb\u00f3lisis, atenci\u00f3n cardiol\u00f3gica oportuna y seguimiento especializado. Es una pol\u00edtica p\u00fablica que ha mejorado significativamente la calidad y equidad en salud, ofreciendo tratamientos oportunos para condiciones de alto riesgo vital y principales causas de discapacidad\u201d, a\u00f1adi\u00f3.<\/p>\n<p>&nbsp;<\/p>\n<p><strong>Mejorando la oportunidad de la atenci\u00f3n u calidad de vida <\/strong><\/p>\n<p>Por su parte, la Jefa del Departamento de Procesos y Gesti\u00f3n de Garant\u00edas Expl\u00edcitas en Salud del SS\u00d1, <strong>Andrea Hern\u00e1ndez S\u00e1nchez, se\u00f1al\u00f3: \u201c<\/strong>El GES permite el acceso oportuno a tratamientos clave como la tromb\u00f3lisis, angioplastia coronaria percut\u00e1nea (ATC) en casos de infarto agudo al miocardio, y la tromb\u00f3lisis intravenosa para el ACV. Estas intervenciones posibilitan una r\u00e1pida reperfusi\u00f3n del tejido afectado, mejorando el pron\u00f3stico de los pacientes y reduciendo la mortalidad. Adem\u00e1s, este sistema ha impulsado una mejor atenci\u00f3n en los servicios de urgencia, lo que se traduce en respuestas m\u00e1s eficaces ante emergencias cardiovasculares. En el caso del ACV, el GES tambi\u00e9n ha facilitado el acceso a rehabilitaci\u00f3n, mejorando la recuperaci\u00f3n funcional de los pacientes y disminuyendo las secuelas\u201d. <strong>\u00a0<\/strong><\/p>\n<p>Desde el principal recinto asistencial de la regi\u00f3n, el Hospital Cl\u00ednico Herminda Mart\u00edn (HCHM), destacan que la implementaci\u00f3n de protocolos cl\u00ednicos definidos y la coordinaci\u00f3n con dispositivos como el SAMU han sido factores clave en la atenci\u00f3n oportuna. As\u00ed lo se\u00f1al\u00f3 el Dr. Alexis Rojo Araya, jefe del Servicio de Neurolog\u00eda del establecimiento: \u201cContar con garant\u00edas GES ha sido fundamental para fortalecer el trabajo de los equipos cl\u00ednicos, quienes ya han demostrado actuar con rapidez y precisi\u00f3n ante patolog\u00edas tiempo-dependientes como el ACV y el IAM. Hoy, una persona que sufre un ataque cerebrovascular en \u00d1uble puede acceder oportunamente a diagn\u00f3stico, hospitalizaci\u00f3n, tratamiento y rehabilitaci\u00f3n inicial. Adem\u00e1s, se garantiza el primer control neurol\u00f3gico ambulatorio y el acceso a neurorehabilitaci\u00f3n a largo plazo, lo que marca una diferencia significativa en la recuperaci\u00f3n y calidad de vida de los pacientes\u201d.<\/p>\n<p><strong>Reconocida Atenci\u00f3n de ACV <\/strong><\/p>\n<p>Recientemente, el HCHM se convirti\u00f3 en el cuarto hospital p\u00fablico de Chile en recibir la certificaci\u00f3n como\u00a0<em>Centro Esencial de Atenci\u00f3n de ACV<\/em>, otorgada por la\u00a0<strong>Organizaci\u00f3n Mundial del ACV<\/strong> y la\u00a0<strong>Sociedad Iberoamericana de Enfermedad Cerebrovascular<\/strong>. Este reconocimiento avala el cumplimiento de est\u00e1ndares internacionales \u00a0en protocolos, tiempos de respuesta y calidad en la atenci\u00f3n. A este logro se suma el reconocimiento Angels obtenido el SAMU \u00d1uble, que destaca la calidad, rapidez y excelencia en atenci\u00f3n prehospitalaria\u00a0 en personas con ACV.<\/p>\n<p>Actualmente, el GES contempla 87 patolog\u00edas, cifra que se ampliar\u00e1 a 90 este 2025 , y ha sido una herramienta clave para reducir brechas de acceso, mejorar la oportunidad de atenci\u00f3n y garantizar la protecci\u00f3n financiera, contribuyendo a una mayor equidad en salud para todo el pa\u00eds.<\/p>\n<p>&nbsp;<\/p>\n<p>&nbsp;<\/p>\n<p>&nbsp;<\/p>\n<p>&nbsp;<\/p>\n","protected":false},"excerpt":{"rendered":"<p>Esta pol\u00edtica p\u00fablica asegura el diagn\u00f3stico, tratamiento y seguimiento con tiempos establecidos por ley, lo que ha sido clave para disminuir los tiempos de respuesta y mejorar la calidad de vida de las personas<\/p>\n","protected":false},"author":3,"featured_media":14100,"comment_status":"open","ping_status":"closed","sticky":false,"template":"","format":"standard","meta":{"_acf_changed":false,"_monsterinsights_skip_tracking":false,"_monsterinsights_sitenote_active":false,"_monsterinsights_sitenote_note":"","_monsterinsights_sitenote_category":0,"footnotes":""},"categories":[4],"tags":[],"class_list":["post-14097","post","type-post","status-publish","format-standard","has-post-thumbnail","hentry","category-noticias"],"acf":[],"publishpress_future_action":{"enabled":false,"date":"2026-05-05 06:46:34","action":"change-status","newStatus":"draft","terms":[],"taxonomy":"category","extraData":[]},"publishpress_future_workflow_manual_trigger":{"enabledWorkflows":[]},"_links":{"self":[{"href":"https:\/\/hospitaldechillan.cl\/web\/wp-json\/wp\/v2\/posts\/14097","targetHints":{"allow":["GET"]}}],"collection":[{"href":"https:\/\/hospitaldechillan.cl\/web\/wp-json\/wp\/v2\/posts"}],"about":[{"href":"https:\/\/hospitaldechillan.cl\/web\/wp-json\/wp\/v2\/types\/post"}],"author":[{"embeddable":true,"href":"https:\/\/hospitaldechillan.cl\/web\/wp-json\/wp\/v2\/users\/3"}],"replies":[{"embeddable":true,"href":"https:\/\/hospitaldechillan.cl\/web\/wp-json\/wp\/v2\/comments?post=14097"}],"version-history":[{"count":1,"href":"https:\/\/hospitaldechillan.cl\/web\/wp-json\/wp\/v2\/posts\/14097\/revisions"}],"predecessor-version":[{"id":14099,"href":"https:\/\/hospitaldechillan.cl\/web\/wp-json\/wp\/v2\/posts\/14097\/revisions\/14099"}],"wp:featuredmedia":[{"embeddable":true,"href":"https:\/\/hospitaldechillan.cl\/web\/wp-json\/wp\/v2\/media\/14100"}],"wp:attachment":[{"href":"https:\/\/hospitaldechillan.cl\/web\/wp-json\/wp\/v2\/media?parent=14097"}],"wp:term":[{"taxonomy":"category","embeddable":true,"href":"https:\/\/hospitaldechillan.cl\/web\/wp-json\/wp\/v2\/categories?post=14097"},{"taxonomy":"post_tag","embeddable":true,"href":"https:\/\/hospitaldechillan.cl\/web\/wp-json\/wp\/v2\/tags?post=14097"}],"curies":[{"name":"wp","href":"https:\/\/api.w.org\/{rel}","templated":true}]}}