{"id":14011,"date":"2025-07-04T12:28:39","date_gmt":"2025-07-04T16:28:39","guid":{"rendered":"https:\/\/hospitaldechillan.cl\/web\/?p=14011"},"modified":"2025-07-04T13:56:03","modified_gmt":"2025-07-04T17:56:03","slug":"hospital-regional-de-nuble-incorpora-salas-de-balneoterapia-para-pacientes-pediatricos-y-adultos","status":"publish","type":"post","link":"https:\/\/hospitaldechillan.cl\/web\/hospital-regional-de-nuble-incorpora-salas-de-balneoterapia-para-pacientes-pediatricos-y-adultos\/","title":{"rendered":"Hospital Regional de \u00d1uble incorpora salas de balneoterapia para pacientes pedi\u00e1tricos y adultos"},"content":{"rendered":"<p>Una sencilla pero valiosa t\u00e9cnica terap\u00e9utica tendr\u00e1 cabida en el futuro centro asistencial regional gracias a superficies m\u00e1s amplias y al dise\u00f1o de espacios que privilegia el bienestar. Se trata de las salas de balneoterapia, que estar\u00e1n ubicadas en seis servicios cl\u00ednicos del Hospital Regional de \u00d1uble.<\/p>\n<p>La balneoterapia es una t\u00e9cnica terap\u00e9utica que utiliza el agua como herramienta central en el tratamiento de lesiones, dolor y manejo de heridas complejas.<\/p>\n<p>Contar con estas salas ser\u00e1 de gran utilidad especialmente en el cuidado de pacientes con quemaduras, tanto en ni\u00f1as y ni\u00f1os como en personas adultas. Es una t\u00e9cnica esencial durante las primeras etapas de atenci\u00f3n, facilitando la limpieza mec\u00e1nica de heridas mediante fricci\u00f3n manual y agua directa, lo que ayuda a\u00a0 eliminar tejido da\u00f1ado, reducir la inflamaci\u00f3n y carga de microorganismos en la piel y prepararla para otros tratamientos, como la aplicaci\u00f3n de ap\u00f3sitos o injertos.<\/p>\n<p>\u201cPara un ni\u00f1o quemado, el momento del ba\u00f1o o la curaci\u00f3n puede ser una experiencia profundamente dolorosa. La balneoterapia permite manejar mejor el dolor, en un ambiente c\u00e1lido y controlado, donde tambi\u00e9n cuidamos el aspecto emocional del paciente. El agua tibia produce tambi\u00e9n un cierto alivio del dolor. Es distinto que yo te aplique sobre una herida un l\u00edquido fr\u00edo, que yo te aplique un l\u00edquido m\u00e1s parecido a la temperatura corporal. Eso genera una sensaci\u00f3n m\u00e1s confortable\u201d, explic\u00f3 la <strong>Dra. Sandra Flores, jefa del Servicio de Cirug\u00eda Infantil del Hospital Cl\u00ednico Herminda Mart\u00edn.<\/strong><\/p>\n<p><img loading=\"lazy\" decoding=\"async\" class=\"alignnone size-medium wp-image-14013\" src=\"https:\/\/hospitaldechillan.cl\/web\/wp-content\/uploads\/2025\/07\/2-1-640x360.jpg\" alt=\"\" width=\"640\" height=\"360\" srcset=\"https:\/\/hospitaldechillan.cl\/web\/wp-content\/uploads\/2025\/07\/2-1-640x360.jpg 640w, https:\/\/hospitaldechillan.cl\/web\/wp-content\/uploads\/2025\/07\/2-1-1200x675.jpg 1200w, https:\/\/hospitaldechillan.cl\/web\/wp-content\/uploads\/2025\/07\/2-1-768x432.jpg 768w, https:\/\/hospitaldechillan.cl\/web\/wp-content\/uploads\/2025\/07\/2-1-1536x864.jpg 1536w, https:\/\/hospitaldechillan.cl\/web\/wp-content\/uploads\/2025\/07\/2-1.jpg 1600w\" sizes=\"auto, (max-width: 640px) 100vw, 640px\" \/><\/p>\n<p>Dentro de sus beneficios la especialista explic\u00f3 que la t\u00e9cnica, que permite un arrastre suave de los tejidos desvitalizados, favoreciendo una mejor cicatrizaci\u00f3n, evoluci\u00f3n y pron\u00f3stico. En el caso de las quemaduras, la Dra. Flores comenta que en promedio se tratan un centenar de casos anuales, siendo la \u00e9poca m\u00e1s fr\u00eda, la tiene mayor concentraci\u00f3n de ellos.<\/p>\n<p>Adem\u00e1s de Cirug\u00eda Infantil y de Adultos, las salas de balneoterapia estar\u00e1n disponibles en los servicios de Medicina, Obstetricia y Ginecolog\u00eda, Psiquiatr\u00eda Infantojuvenil y Psiquiatr\u00eda de Adultos, beneficiando tambi\u00e9n a personas con movilidad reducida o con heridas extensas que requieren limpieza especializada, preparaci\u00f3n para pabell\u00f3n o para pacientes que no pueden acceder a una higiene tradicional, permitiendo su aseo y confort en condiciones dignas y seguras.<\/p>\n<p>\u201cEstas salas estar\u00e1n equipadas con ba\u00f1eras, duchas especiales, tecnolog\u00eda de apoyo y accesibilidad universal, con un dise\u00f1o que prioriza la privacidad, seguridad y confort\u201d, destac\u00f3 la <strong>directora del establecimiento, Dra. Luz Mar\u00eda Mor\u00e1n.<\/strong><\/p>\n<p>Gracias a las nuevas condiciones de infraestructura y a un enfoque centrado en el bienestar de los pacientes, la balneoterapia se convertir\u00e1 en una herramienta terap\u00e9utica de uso cotidiano y transversal, aportando a una recuperaci\u00f3n m\u00e1s humana y de calidad.<\/p>\n<p><strong>\u00a0<\/strong><\/p>\n<p><strong>\u00a0<\/strong><\/p>\n<p><strong>\u00a0<\/strong><\/p>\n<p><strong>\u00a0<\/strong><\/p>\n<p><strong>\u00a0<\/strong><\/p>\n","protected":false},"excerpt":{"rendered":"<p>La t\u00e9cnica, fundamental en el tratamiento de quemaduras, control del dolor y preparaci\u00f3n para otros procedimientos, estar\u00e1 disponible en seis servicios cl\u00ednicos del nuevo recinto asistencial.<\/p>\n","protected":false},"author":3,"featured_media":14012,"comment_status":"open","ping_status":"closed","sticky":false,"template":"","format":"standard","meta":{"_acf_changed":false,"_monsterinsights_skip_tracking":false,"_monsterinsights_sitenote_active":false,"_monsterinsights_sitenote_note":"","_monsterinsights_sitenote_category":0,"footnotes":""},"categories":[4],"tags":[],"class_list":["post-14011","post","type-post","status-publish","format-standard","has-post-thumbnail","hentry","category-noticias"],"acf":[],"publishpress_future_action":{"enabled":false,"date":"2026-05-05 08:02:24","action":"change-status","newStatus":"draft","terms":[],"taxonomy":"category","extraData":[]},"publishpress_future_workflow_manual_trigger":{"enabledWorkflows":[]},"_links":{"self":[{"href":"https:\/\/hospitaldechillan.cl\/web\/wp-json\/wp\/v2\/posts\/14011","targetHints":{"allow":["GET"]}}],"collection":[{"href":"https:\/\/hospitaldechillan.cl\/web\/wp-json\/wp\/v2\/posts"}],"about":[{"href":"https:\/\/hospitaldechillan.cl\/web\/wp-json\/wp\/v2\/types\/post"}],"author":[{"embeddable":true,"href":"https:\/\/hospitaldechillan.cl\/web\/wp-json\/wp\/v2\/users\/3"}],"replies":[{"embeddable":true,"href":"https:\/\/hospitaldechillan.cl\/web\/wp-json\/wp\/v2\/comments?post=14011"}],"version-history":[{"count":2,"href":"https:\/\/hospitaldechillan.cl\/web\/wp-json\/wp\/v2\/posts\/14011\/revisions"}],"predecessor-version":[{"id":14015,"href":"https:\/\/hospitaldechillan.cl\/web\/wp-json\/wp\/v2\/posts\/14011\/revisions\/14015"}],"wp:featuredmedia":[{"embeddable":true,"href":"https:\/\/hospitaldechillan.cl\/web\/wp-json\/wp\/v2\/media\/14012"}],"wp:attachment":[{"href":"https:\/\/hospitaldechillan.cl\/web\/wp-json\/wp\/v2\/media?parent=14011"}],"wp:term":[{"taxonomy":"category","embeddable":true,"href":"https:\/\/hospitaldechillan.cl\/web\/wp-json\/wp\/v2\/categories?post=14011"},{"taxonomy":"post_tag","embeddable":true,"href":"https:\/\/hospitaldechillan.cl\/web\/wp-json\/wp\/v2\/tags?post=14011"}],"curies":[{"name":"wp","href":"https:\/\/api.w.org\/{rel}","templated":true}]}}