{"id":1400,"date":"2015-09-17T12:09:57","date_gmt":"2015-09-17T16:09:57","guid":{"rendered":"http:\/\/hospitaldechillan.cl\/web\/?p=1400"},"modified":"2015-09-17T12:09:57","modified_gmt":"2015-09-17T16:09:57","slug":"comunidad-y-hospital-conmemoraron-fiestas-patrias","status":"publish","type":"post","link":"https:\/\/hospitaldechillan.cl\/web\/comunidad-y-hospital-conmemoraron-fiestas-patrias\/","title":{"rendered":"Comunidad y Hospital conmemoraron Fiestas Patrias"},"content":{"rendered":"<p>El Hospital Cl\u00ednico Herminda Mart\u00edn (HCHM) record\u00f3 junto a la comunidad de Chill\u00e1n y los usuarios del recinto asistencial, el aniversario de la Primera Junta Nacional de gobierno. Para conmemorar esta fecha, el establecimiento brind\u00f3 su tradicional esquinazo, actividad que fue amenizada por el Conjunto Folcl\u00f3rico Renacer, agrupaci\u00f3n que es integrada por funcionarios de diversas unidades y servicios.<\/p>\n<p>La actividad, que se realiza cada a\u00f1o en el frontis del HCHM (acceso de ex Pensionado) congreg\u00f3 a un alto n\u00famero de usuarios, quienes incluso participaron bailando los pies de cuecas interpretados por los folcloristas.<\/p>\n<p><a href=\"https:\/\/hospitaldechillan.cl\/web\/wp-content_Hos\/uploads\/2015\/09\/web-2-esquinazo.jpg\"><img loading=\"lazy\" decoding=\"async\" src=\"https:\/\/hospitaldechillan.cl\/web\/wp-content_Hos\/uploads\/2015\/09\/web-2-esquinazo-640x360.jpg\" alt=\"web 2 esquinazo\" width=\"640\" height=\"360\" class=\"alignnone size-medium wp-image-1402\" srcset=\"https:\/\/hospitaldechillan.cl\/web\/wp-content\/uploads\/2015\/09\/web-2-esquinazo-640x360.jpg 640w, https:\/\/hospitaldechillan.cl\/web\/wp-content\/uploads\/2015\/09\/web-2-esquinazo-1200x675.jpg 1200w, https:\/\/hospitaldechillan.cl\/web\/wp-content\/uploads\/2015\/09\/web-2-esquinazo.jpg 1600w\" sizes=\"auto, (max-width: 640px) 100vw, 640px\" \/><\/a><\/p>\n<p>En la ocasi\u00f3n, el Director del Servicio de Salud \u00d1uble, Dr. Iv\u00e1n Paul, enfatiz\u00f3 en la importancia de conmemorar esta Fiestas Patrias en familia, celebrando con moderaci\u00f3n y haciendo un uso responsable de la red de salud, acudiendo en primera instancia a los consultorios m\u00e1s cercanos ante consultas de menor gravedad.<\/p>\n<p>Por su parte, el Director del Hospital, Dr. Rodrigo Avenda\u00f1o Brandeis, reiter\u00f3 el llamado para que la comunidad celebre con responsabilidad, precisando recomendaciones b\u00e1sicas como \u201cevitar el consumo de alcohol si va a conducir y extremar las precauciones en cuanto a la ingesta de alimentos para evitar intoxicaciones, acudiendo a lugares autorizados y teniendo en cuenta medidas preventivas como un correcto lavado de manos antes de cocinar, comer y despu\u00e9s de ir al ba\u00f1o\u201d.<\/p>\n","protected":false},"excerpt":{"rendered":"<p>La actividad se desarroll\u00f3 con una presentaci\u00f3n en vivo en el frontis del Hospital amenizada por el Conjunto Folcl\u00f3rico Renacer. <\/p>\n","protected":false},"author":3,"featured_media":1401,"comment_status":"open","ping_status":"closed","sticky":false,"template":"","format":"standard","meta":{"_acf_changed":false,"_monsterinsights_skip_tracking":false,"footnotes":""},"categories":[4],"tags":[],"class_list":["post-1400","post","type-post","status-publish","format-standard","has-post-thumbnail","hentry","category-noticias"],"acf":[],"publishpress_future_action":{"enabled":false,"date":"2026-09-13 03:39:04","action":"change-status","newStatus":"draft","terms":[],"taxonomy":"category","extraData":[]},"publishpress_future_workflow_manual_trigger":{"enabledWorkflows":[]},"_links":{"self":[{"href":"https:\/\/hospitaldechillan.cl\/web\/wp-json\/wp\/v2\/posts\/1400","targetHints":{"allow":["GET"]}}],"collection":[{"href":"https:\/\/hospitaldechillan.cl\/web\/wp-json\/wp\/v2\/posts"}],"about":[{"href":"https:\/\/hospitaldechillan.cl\/web\/wp-json\/wp\/v2\/types\/post"}],"author":[{"embeddable":true,"href":"https:\/\/hospitaldechillan.cl\/web\/wp-json\/wp\/v2\/users\/3"}],"replies":[{"embeddable":true,"href":"https:\/\/hospitaldechillan.cl\/web\/wp-json\/wp\/v2\/comments?post=1400"}],"version-history":[{"count":0,"href":"https:\/\/hospitaldechillan.cl\/web\/wp-json\/wp\/v2\/posts\/1400\/revisions"}],"wp:featuredmedia":[{"embeddable":true,"href":"https:\/\/hospitaldechillan.cl\/web\/wp-json\/wp\/v2\/media\/1401"}],"wp:attachment":[{"href":"https:\/\/hospitaldechillan.cl\/web\/wp-json\/wp\/v2\/media?parent=1400"}],"wp:term":[{"taxonomy":"category","embeddable":true,"href":"https:\/\/hospitaldechillan.cl\/web\/wp-json\/wp\/v2\/categories?post=1400"},{"taxonomy":"post_tag","embeddable":true,"href":"https:\/\/hospitaldechillan.cl\/web\/wp-json\/wp\/v2\/tags?post=1400"}],"curies":[{"name":"wp","href":"https:\/\/api.w.org\/{rel}","templated":true}]}}