{"id":13948,"date":"2025-06-26T17:16:53","date_gmt":"2025-06-26T21:16:53","guid":{"rendered":"https:\/\/hospitaldechillan.cl\/web\/?p=13948"},"modified":"2025-06-26T17:16:53","modified_gmt":"2025-06-26T21:16:53","slug":"capellan-del-hospital-de-chillan-fue-reconocido-como-hijo-ilustre-en-el-aniversario-de-la-comuna","status":"publish","type":"post","link":"https:\/\/hospitaldechillan.cl\/web\/capellan-del-hospital-de-chillan-fue-reconocido-como-hijo-ilustre-en-el-aniversario-de-la-comuna\/","title":{"rendered":"Capell\u00e1n del Hospital de Chill\u00e1n fue reconocido como Hijo Ilustre en el aniversario de la comuna"},"content":{"rendered":"<p style=\"font-weight: 400;\">D\u00edas antes de cumplir 32 a\u00f1os como capell\u00e1n del Hospital Cl\u00ednico Herminda Mart\u00edn (HCHM), el padre Fernando Varas fue reconocido por la Municipalidad de Chill\u00e1n como Hijo Ilustre, en el marco del aniversario 445 de la comuna, en una emotiva ceremonia realizada en el Teatro Municipal.<\/p>\n<p style=\"font-weight: 400;\">Sin duda, el sacerdote es una figura reconocida tanto dentro como fuera del establecimiento de salud. Es habitual que, al transitar por los pasillos del hospital, funcionarios y usuarios lo detengan para saludarlo y expresarle su afecto.<\/p>\n<p style=\"font-weight: 400;\">Seg\u00fan las propias palabras del padre Varas, \u201cel Evangelio nos habla de Jes\u00fas atendiendo en oraciones y ense\u00f1anza, pero tambi\u00e9n releva la labor que realiz\u00f3 sanando a los enfermos de muchas patolog\u00edas. Central para Jes\u00fas fue ense\u00f1ar y sanar, y por eso, para m\u00ed es tan importante estar presente en el hospital y entregar acompa\u00f1amiento espiritual a los enfermos, a sus familias y tambi\u00e9n a la comunidad hospitalaria. Esta funci\u00f3n, durante todos estos a\u00f1os, ha sido un aliciente para mi vocaci\u00f3n\u201d, asegur\u00f3.<\/p>\n<p style=\"font-weight: 400;\">Todo su trabajo como sacerdote \u2014o como \u00e9l mismo lo define, todo su ministerio\u2014 lo ha realizado tambi\u00e9n en el Hospital, entregando apoyo espiritual y emocional a pacientes, familiares y personal. Ha sido consejero y fuente de consuelo en momentos dif\u00edciles. Adem\u00e1s, integra el Comit\u00e9 de Acompa\u00f1amiento Espiritual, colabora con el voluntariado Damas de Celeste y forma parte del Comit\u00e9 \u00c9tico Asistencial desde hace 28 a\u00f1os.<\/p>\n<p style=\"font-weight: 400;\">Pero no ha sido este el \u00fanico lugar donde ha ejercido su labor pastoral. Simult\u00e1neamente, se ha desempe\u00f1ado como p\u00e1rroco de la Iglesia San Bernardo de Chill\u00e1n Viejo, ha sido vicario en las parroquias San Vicente y San Juan de Dios, y ha impulsado, con el apoyo de los feligreses, la construcci\u00f3n de dos capillas: la de Los Colihues y la del Hospital Santa Mar\u00eda Josefa.<\/p>\n<p style=\"font-weight: 400;\">El gran impulso para esta \u00faltima iniciativa surgi\u00f3 gracias a la imagen de Santa Mar\u00eda Josefa, fundadora de las Siervas de Jes\u00fas de la Caridad, que el sacerdote recibi\u00f3 como obsequio cuando particip\u00f3 en su canonizaci\u00f3n, en la ciudad del Vaticano, en el a\u00f1o 2000. Este s\u00edmbolo fue el motor para movilizar voluntades y donaciones, y concretar un proyecto que hoy es el pulm\u00f3n espiritual del establecimiento y que, seg\u00fan recuerda el sacerdote, marc\u00f3 un hito para la comunidad hospitalaria.<\/p>\n<p style=\"font-weight: 400;\">Los v\u00ednculos con el personal del hospital \u2014que lo han llevado a ser part\u00edcipe de bautizos, matrimonios y funerales\u2014, as\u00ed como el significado profundo que tiene para \u00e9l su rol de capell\u00e1n, lo llevan a reflexionar: \u201cCreo ser merecedor de este reconocimiento por el trabajo que he realizado en torno al Hospital, que me ha hecho testigo de momentos de sufrimiento y alegr\u00eda, y que me ha permitido validar cada d\u00eda mi vocaci\u00f3n, acompa\u00f1ando a quienes m\u00e1s lo necesitan y contribuyendo a construir una comunidad\u201d.<\/p>\n<p>\u00a0<img loading=\"lazy\" decoding=\"async\" class=\"alignnone size-medium wp-image-13951\" src=\"https:\/\/hospitaldechillan.cl\/web\/wp-content\/uploads\/2025\/06\/2-5-640x360.png\" alt=\"\" width=\"640\" height=\"360\" srcset=\"https:\/\/hospitaldechillan.cl\/web\/wp-content\/uploads\/2025\/06\/2-5-640x360.png 640w, https:\/\/hospitaldechillan.cl\/web\/wp-content\/uploads\/2025\/06\/2-5-1200x675.png 1200w, https:\/\/hospitaldechillan.cl\/web\/wp-content\/uploads\/2025\/06\/2-5-768x432.png 768w, https:\/\/hospitaldechillan.cl\/web\/wp-content\/uploads\/2025\/06\/2-5-1536x864.png 1536w, https:\/\/hospitaldechillan.cl\/web\/wp-content\/uploads\/2025\/06\/2-5.png 1600w\" sizes=\"auto, (max-width: 640px) 100vw, 640px\" \/><\/p>\n<p style=\"font-weight: 400;\">La noticia fue recibida con alegr\u00eda por la comunidad hospitalaria, que valora profundamente la labor ad honorem que realiza. Al respecto, la directora del HCHM, Dra. Luz Mar\u00eda Mor\u00e1n, destac\u00f3: \u201cPara nosotros es muy relevante este reconocimiento a nuestro capell\u00e1n, quien desde su ordenaci\u00f3n ha trabajado tanto en nuestro Hospital como en el antiguo San Juan de Dios, acompa\u00f1ando a pacientes, sus familias, y a nuestros funcionarios y funcionarias en la realizaci\u00f3n de sus sacramentos. Por eso nos alegramos y lo acompa\u00f1amos en este d\u00eda tan importante para \u00e9l, tanto en su rol sacerdotal como en lo personal. Independiente de nuestras creencias o religi\u00f3n, \u00e9l es una figura transversal, que apoya decididamente en la humanizaci\u00f3n de nuestra atenci\u00f3n en salud\u201d.<\/p>\n<p style=\"font-weight: 400;\">En la actualidad, el padre Varas realiza una misa en la capilla hospitalaria el primer viernes de cada mes, adem\u00e1s de liturgias a pedido, configurando el centro espiritual del hospital, que este a\u00f1o conmemora sus 80 a\u00f1os de existencia.<\/p>\n","protected":false},"excerpt":{"rendered":"<p>El padre Fernando Varas recibi\u00f3 la distinci\u00f3n de manos del alcalde Camilo Benavente, en la ceremonia del aniversario 445 de Chill\u00e1n.<\/p>\n","protected":false},"author":3,"featured_media":13949,"comment_status":"open","ping_status":"closed","sticky":false,"template":"","format":"standard","meta":{"_acf_changed":false,"_monsterinsights_skip_tracking":false,"_monsterinsights_sitenote_active":false,"_monsterinsights_sitenote_note":"","_monsterinsights_sitenote_category":0,"footnotes":""},"categories":[4],"tags":[],"class_list":["post-13948","post","type-post","status-publish","format-standard","has-post-thumbnail","hentry","category-noticias"],"acf":[],"publishpress_future_action":{"enabled":false,"date":"2026-05-08 22:21:18","action":"change-status","newStatus":"draft","terms":[],"taxonomy":"category","extraData":[]},"publishpress_future_workflow_manual_trigger":{"enabledWorkflows":[]},"_links":{"self":[{"href":"https:\/\/hospitaldechillan.cl\/web\/wp-json\/wp\/v2\/posts\/13948","targetHints":{"allow":["GET"]}}],"collection":[{"href":"https:\/\/hospitaldechillan.cl\/web\/wp-json\/wp\/v2\/posts"}],"about":[{"href":"https:\/\/hospitaldechillan.cl\/web\/wp-json\/wp\/v2\/types\/post"}],"author":[{"embeddable":true,"href":"https:\/\/hospitaldechillan.cl\/web\/wp-json\/wp\/v2\/users\/3"}],"replies":[{"embeddable":true,"href":"https:\/\/hospitaldechillan.cl\/web\/wp-json\/wp\/v2\/comments?post=13948"}],"version-history":[{"count":1,"href":"https:\/\/hospitaldechillan.cl\/web\/wp-json\/wp\/v2\/posts\/13948\/revisions"}],"predecessor-version":[{"id":13952,"href":"https:\/\/hospitaldechillan.cl\/web\/wp-json\/wp\/v2\/posts\/13948\/revisions\/13952"}],"wp:featuredmedia":[{"embeddable":true,"href":"https:\/\/hospitaldechillan.cl\/web\/wp-json\/wp\/v2\/media\/13949"}],"wp:attachment":[{"href":"https:\/\/hospitaldechillan.cl\/web\/wp-json\/wp\/v2\/media?parent=13948"}],"wp:term":[{"taxonomy":"category","embeddable":true,"href":"https:\/\/hospitaldechillan.cl\/web\/wp-json\/wp\/v2\/categories?post=13948"},{"taxonomy":"post_tag","embeddable":true,"href":"https:\/\/hospitaldechillan.cl\/web\/wp-json\/wp\/v2\/tags?post=13948"}],"curies":[{"name":"wp","href":"https:\/\/api.w.org\/{rel}","templated":true}]}}