{"id":13601,"date":"2025-05-14T14:12:06","date_gmt":"2025-05-14T18:12:06","guid":{"rendered":"https:\/\/hospitaldechillan.cl\/web\/?p=13601"},"modified":"2025-05-14T14:12:06","modified_gmt":"2025-05-14T18:12:06","slug":"hospital-de-chillan-realiza-primera-cirugia-con-protesis-total-de-la-base-del-pulgar","status":"publish","type":"post","link":"https:\/\/hospitaldechillan.cl\/web\/hospital-de-chillan-realiza-primera-cirugia-con-protesis-total-de-la-base-del-pulgar\/","title":{"rendered":"Hospital de Chill\u00e1n realiza primera cirug\u00eda con pr\u00f3tesis total de la base del pulgar"},"content":{"rendered":"<p style=\"font-weight: 400;\">La rizartrosis, tambi\u00e9n conocida como artrosis en la base del pulgar, es una enfermedad degenerativa que afecta principalmente a mujeres en edad postmenop\u00e1usica. Esta condici\u00f3n limita funciones b\u00e1sicas de la mano, como abrir envases o abotonar prendas, y en sus etapas avanzadas puede requerir cirug\u00eda.<\/p>\n<p style=\"font-weight: 400;\">En un procedimiento in\u00e9dito, el equipo de cirug\u00eda de mano del <strong>Hospital Cl\u00ednico Herminda Mart\u00edn (HCHM)<\/strong>llev\u00f3 a cabo una artroplastia total de la articulaci\u00f3n trapeciometacarpiana del pulgar, t\u00e9cnica que implica el reemplazo de la base del primer metacarpiano y la parte distal del hueso trapecio de la base del hueso del dedo pulgar, donde se intersectan dos huesos \u2013el primer metacarpiano y la parte distal del trapecio-.\u00a0 En su lugar, se implant\u00f3 una pr\u00f3tesis Maia, elemento que es vers\u00e1til, tiene una forma de cono esf\u00e9rico, que favorece la movilidad casi normal del dedo.<\/p>\n<p><img loading=\"lazy\" decoding=\"async\" class=\"alignnone size-medium wp-image-13604\" src=\"https:\/\/hospitaldechillan.cl\/web\/wp-content\/uploads\/2025\/05\/2-640x360.png\" alt=\"\" width=\"640\" height=\"360\" srcset=\"https:\/\/hospitaldechillan.cl\/web\/wp-content\/uploads\/2025\/05\/2-640x360.png 640w, https:\/\/hospitaldechillan.cl\/web\/wp-content\/uploads\/2025\/05\/2-1200x675.png 1200w, https:\/\/hospitaldechillan.cl\/web\/wp-content\/uploads\/2025\/05\/2-768x432.png 768w, https:\/\/hospitaldechillan.cl\/web\/wp-content\/uploads\/2025\/05\/2-1536x864.png 1536w, https:\/\/hospitaldechillan.cl\/web\/wp-content\/uploads\/2025\/05\/2.png 1600w\" sizes=\"auto, (max-width: 640px) 100vw, 640px\" \/><\/p>\n<p style=\"font-weight: 400;\">El <strong>Dr. Andr\u00e9s Alvial, traumat\u00f3logo con subespecialidad en mano, mu\u00f1eca, codo y microcirug\u00eda<\/strong>, \u00a0que lider\u00f3 la operaci\u00f3n, destac\u00f3 la relevancia de esta t\u00e9cnica para las y los usuarios: \u201cEsta cirug\u00eda busca tratar la artrosis avanzada de la base del pulgar, donde el cart\u00edlago ya est\u00e1 severamente da\u00f1ado. Al reemplazar completamente la articulaci\u00f3n, logramos aliviar el dolor, restaurar la movilidad del pulgar y mejorar significativamente la calidad de vida de las personas\u201d, explic\u00f3.<\/p>\n<p style=\"font-weight: 400;\"><strong>\u00a0<\/strong><strong>Recuperaci\u00f3n m\u00e1s \u00e1gil y con mejores resultados<\/strong><\/p>\n<p style=\"font-weight: 400;\">El procedimiento tuvo una duraci\u00f3n cercana a las dos horas. De acuerdo con el Dr. Alvial, \u201cuno de los principales beneficios de esta nueva t\u00e9cnica es la recuperaci\u00f3n acelerada. La primera usuaria a quien intervenimos, Marianela, fue dada de alta el mismo d\u00eda gracias a la modalidad de cirug\u00eda mayor ambulatoria\u201d.<\/p>\n<p style=\"font-weight: 400;\"><strong>\u00a0<\/strong>En los primeros 15 d\u00edas, tras la cirug\u00eda Marianela ha asistido a controles semanales que iniciaron con curaciones, radiograf\u00edas de evaluaci\u00f3n y retiro de puntos. Se espera, que luego del paso de un mes, inicie la rehabilitaci\u00f3n funcional en terapia kin\u00e9sica y con terapia ocupacional, adem\u00e1s de continuar en control m\u00e9dico y evaluaciones posteriores, estim\u00e1ndose que pueda retomar sus actividades habituales tras el paso de 6 u 8 semanas.<\/p>\n<p><img loading=\"lazy\" decoding=\"async\" class=\"alignnone size-medium wp-image-13605\" src=\"https:\/\/hospitaldechillan.cl\/web\/wp-content\/uploads\/2025\/05\/3-640x360.png\" alt=\"\" width=\"640\" height=\"360\" srcset=\"https:\/\/hospitaldechillan.cl\/web\/wp-content\/uploads\/2025\/05\/3-640x360.png 640w, https:\/\/hospitaldechillan.cl\/web\/wp-content\/uploads\/2025\/05\/3-1200x675.png 1200w, https:\/\/hospitaldechillan.cl\/web\/wp-content\/uploads\/2025\/05\/3-768x432.png 768w, https:\/\/hospitaldechillan.cl\/web\/wp-content\/uploads\/2025\/05\/3-1536x864.png 1536w, https:\/\/hospitaldechillan.cl\/web\/wp-content\/uploads\/2025\/05\/3.png 1600w\" sizes=\"auto, (max-width: 640px) 100vw, 640px\" \/><\/p>\n<p style=\"font-weight: 400;\">\u201cLa recuperaci\u00f3n con la t\u00e9cnica antigua o est\u00e1ndar -trapiecectom\u00eda con suspensoplastia- se estimaba en seis meses o m\u00e1s, por lo que con este implante adelantamos en al menos 4 meses la reintegraci\u00f3n de las personas a su vida habitual, lo que para personas como Marianela, que trabaja con sus manos, pues ella es repostera es muy valorado\u201d, <strong>apunt\u00f3 el Dr. Alvial. <\/strong><\/p>\n<p style=\"font-weight: 400;\">A favor de la nueva t\u00e9cnica (con implante) en lugar de la tradicional \u2013que usaba la suspensoplast\u00eda, es decir que se extra\u00eda el trapecio y se suspend\u00eda el metacarpiano con alg\u00fan tend\u00f3n- se reducen las molestias y disminuye el riesgo de complicaciones, favoreciendo la recuperaci\u00f3n funcional.<\/p>\n<p style=\"font-weight: 400;\"><strong>DOLOR INCAPACITANTE<\/strong><\/p>\n<p style=\"font-weight: 400;\">Marianela Souto vio comprometido su trabajo como repostera por esta enfermedad, que seg\u00fan relat\u00f3 le gener\u00f3 mucho dolor y dificultad para realizar sus actividades habituales, por ello \u2013aunque a\u00fan no est\u00e1 del todo recuperada- agradece haber optado a esta soluci\u00f3n. \u201cEstoy muy agradecida del equipo m\u00e9dico y del hospital por haberme dado esta oportunidad. Gracias a esta cirug\u00eda s\u00e9 que podr\u00e9 mejorar mi calidad de vida. Ahora comienza la recuperaci\u00f3n y tengo mucha esperanza\u201d, asegur\u00f3.<\/p>\n<p style=\"font-weight: 400;\">Este avance quir\u00fargico, es una gran oportunidad para que otras personas opten a tratamientos innovadores, con menos tiempo de recuperaci\u00f3n y mayor alivio.<\/p>\n","protected":false},"excerpt":{"rendered":"<p>Marianela Souto fue la primera usuaria sometida a una artroplastia total de la articulaci\u00f3n trapeciometacarpiana del pulgar, con una t\u00e9cnica innovadora que reduce significativamente el dolor y acelera la recuperaci\u00f3n.<\/p>\n","protected":false},"author":3,"featured_media":13603,"comment_status":"open","ping_status":"closed","sticky":false,"template":"","format":"standard","meta":{"_acf_changed":false,"_monsterinsights_skip_tracking":false,"_monsterinsights_sitenote_active":false,"_monsterinsights_sitenote_note":"","_monsterinsights_sitenote_category":0,"footnotes":""},"categories":[4],"tags":[],"class_list":["post-13601","post","type-post","status-publish","format-standard","has-post-thumbnail","hentry","category-noticias"],"acf":[],"publishpress_future_action":{"enabled":false,"date":"2026-05-07 23:07:56","action":"change-status","newStatus":"draft","terms":[],"taxonomy":"category","extraData":[]},"publishpress_future_workflow_manual_trigger":{"enabledWorkflows":[]},"_links":{"self":[{"href":"https:\/\/hospitaldechillan.cl\/web\/wp-json\/wp\/v2\/posts\/13601","targetHints":{"allow":["GET"]}}],"collection":[{"href":"https:\/\/hospitaldechillan.cl\/web\/wp-json\/wp\/v2\/posts"}],"about":[{"href":"https:\/\/hospitaldechillan.cl\/web\/wp-json\/wp\/v2\/types\/post"}],"author":[{"embeddable":true,"href":"https:\/\/hospitaldechillan.cl\/web\/wp-json\/wp\/v2\/users\/3"}],"replies":[{"embeddable":true,"href":"https:\/\/hospitaldechillan.cl\/web\/wp-json\/wp\/v2\/comments?post=13601"}],"version-history":[{"count":1,"href":"https:\/\/hospitaldechillan.cl\/web\/wp-json\/wp\/v2\/posts\/13601\/revisions"}],"predecessor-version":[{"id":13606,"href":"https:\/\/hospitaldechillan.cl\/web\/wp-json\/wp\/v2\/posts\/13601\/revisions\/13606"}],"wp:featuredmedia":[{"embeddable":true,"href":"https:\/\/hospitaldechillan.cl\/web\/wp-json\/wp\/v2\/media\/13603"}],"wp:attachment":[{"href":"https:\/\/hospitaldechillan.cl\/web\/wp-json\/wp\/v2\/media?parent=13601"}],"wp:term":[{"taxonomy":"category","embeddable":true,"href":"https:\/\/hospitaldechillan.cl\/web\/wp-json\/wp\/v2\/categories?post=13601"},{"taxonomy":"post_tag","embeddable":true,"href":"https:\/\/hospitaldechillan.cl\/web\/wp-json\/wp\/v2\/tags?post=13601"}],"curies":[{"name":"wp","href":"https:\/\/api.w.org\/{rel}","templated":true}]}}