{"id":13565,"date":"2025-05-07T14:56:16","date_gmt":"2025-05-07T18:56:16","guid":{"rendered":"https:\/\/hospitaldechillan.cl\/web\/?p=13565"},"modified":"2025-05-07T15:05:29","modified_gmt":"2025-05-07T19:05:29","slug":"nuevo-policlinico-de-estimulacion-visual-del-hospital-de-chillan-entrega-habilidades-a-ninas-y-ninos-con-baja-vision","status":"publish","type":"post","link":"https:\/\/hospitaldechillan.cl\/web\/nuevo-policlinico-de-estimulacion-visual-del-hospital-de-chillan-entrega-habilidades-a-ninas-y-ninos-con-baja-vision\/","title":{"rendered":"Nuevo policl\u00ednico de estimulaci\u00f3n visual del Hospital de Chill\u00e1n entrega habilidades a ni\u00f1as y ni\u00f1os con baja visi\u00f3n"},"content":{"rendered":"<p style=\"font-weight: 400;\">Rub\u00e9n Santino, es uno de los seis ni\u00f1os y ni\u00f1as que durante el primer mes de funcionamiento fueron evaluados en el policl\u00ednico de estimulaci\u00f3n visual para baja visi\u00f3n en el <strong>Centro Ambulatorio de Especialidades del Hospital Cl\u00ednico Herminda Mart\u00edn (HCHM)<\/strong>. El prop\u00f3sito de esta nueva instancia es ayudar a desarrollar y optimizar su capacidad visual, sobre todo cuando existen patolog\u00edas oftalmol\u00f3gicas asociadas como retinopat\u00eda del prematuro, ceguera cortical, hipoplasia de nervios \u00f3pticos, estrabismo asociado a da\u00f1o neurol\u00f3gico, desprendimiento de retina bilateral o glaucoma cong\u00e9nito entre otras, que condicionan la visi\u00f3n de los peque\u00f1os, afectando su desarrollo normal.<\/p>\n<p style=\"font-weight: 400;\">Al respecto, <strong>Nicole Elgueta, tecn\u00f3loga m\u00e9dica<\/strong> <strong>del Policl\u00ednico de Oftalmolog\u00eda del HCHM<\/strong>, que lidera esta iniciativa sostuvo que \u201cla idea es disminuir el impacto de la baja visi\u00f3n en su desarrollo, aprovechando la plasticidad cerebral de las primeras etapas de la vida, ayud\u00e1ndolos con diversos ejercicios \u2013con mesas de luces y otros instrumentos- para mejorar la agudeza, la percepci\u00f3n del entorno, su respuesta ante est\u00edmulos luminosos, percepci\u00f3n de colores, mejorar su coordinaci\u00f3n ojo \u2013 mano, entre otros\u201d.<\/p>\n<p style=\"font-weight: 400;\">El policl\u00ednico permite evaluar la visi\u00f3n o remanente visual y la funcionalidad de cada ni\u00f1o, de acuerdo a su condici\u00f3n diagnosticada previamente por el oftalm\u00f3logo y de esta manera, planificar el mejor tratamiento o terapia acorde con la cantidad de visi\u00f3n que presente.\u00a0 \u201cDe esa manera, con ese porcentaje establecemos las actividades, lecciones o tareas que deben realizar para desarrollar al m\u00e1ximo sus capacidades, as\u00ed le ayudamos a adquirir destrezas y con ello dar mayor herramientas para su desarrollo y mayor independencia\u201d, asegur\u00f3 Elgueta.<\/p>\n<p style=\"font-weight: 400;\"><strong>\u00bfCU\u00c1NDO CONSULTAR?<\/strong><\/p>\n<p><img loading=\"lazy\" decoding=\"async\" class=\"alignnone size-medium wp-image-13569\" src=\"https:\/\/hospitaldechillan.cl\/web\/wp-content\/uploads\/2025\/05\/Fotos-Tamano-web-2-640x360.png\" alt=\"\" width=\"640\" height=\"360\" srcset=\"https:\/\/hospitaldechillan.cl\/web\/wp-content\/uploads\/2025\/05\/Fotos-Tamano-web-2-640x360.png 640w, https:\/\/hospitaldechillan.cl\/web\/wp-content\/uploads\/2025\/05\/Fotos-Tamano-web-2-1200x675.png 1200w, https:\/\/hospitaldechillan.cl\/web\/wp-content\/uploads\/2025\/05\/Fotos-Tamano-web-2-768x432.png 768w, https:\/\/hospitaldechillan.cl\/web\/wp-content\/uploads\/2025\/05\/Fotos-Tamano-web-2-1536x864.png 1536w, https:\/\/hospitaldechillan.cl\/web\/wp-content\/uploads\/2025\/05\/Fotos-Tamano-web-2.png 1600w\" sizes=\"auto, (max-width: 640px) 100vw, 640px\" \/><\/p>\n<p style=\"font-weight: 400;\">De acuerdo con la tecn\u00f3loga m\u00e9dica, \u201clas madres, padres o cuidadores deben evaluar c\u00f3mo se desenvuelve el ni\u00f1o o ni\u00f1a, si tropieza al caminar o choca, si se acerca mucho para leer o escribir, si tiende a guiar uno de sus ojos, si pierde la atenci\u00f3n con facilidad, si dirige la mirada a las personas que est\u00e1n hablando, pues son signos de que puede existir dificultad de visi\u00f3n y en estos casos es necesario acudir al centro de salud familiar para que lo derivan al especialista en el Hospital\u201d.<\/p>\n<p style=\"font-weight: 400;\">Al respecto, el <strong>Dr. Ra\u00fal San Mart\u00edn, jefe del Servicio de Oftalmolog\u00eda<\/strong>, sostuvo que esta estrategia \u201csumar\u00e1 tambi\u00e9n un trabajo coordinado con el equipo del Servicio de Medicina F\u00edsica y Rehabilitaci\u00f3n, pues es necesario que se integren los terapeutas ocupacionales, para fortalecer la atenci\u00f3n de las ni\u00f1as y ni\u00f1os que acceden a esta terapia, tras haber sido diagnosticados por un especialista, debido a una alteraci\u00f3n extrema de su visi\u00f3n, ya sea por una patolog\u00eda neurol\u00f3gica u oftalmol\u00f3gica\u201d.<\/p>\n<p style=\"font-weight: 400;\"><strong>Constanza Penroz, es la mam\u00e1 de Rub\u00e9n Santino<\/strong>, que con un a\u00f1o y siete meses de edad, ha asistido en dos oportunidades al policl\u00ednico, para mejorar sus habilidades.<\/p>\n<p style=\"font-weight: 400;\">\u201cComo pap\u00e1s, estuvimos harto tiempo buscando este apoyo en Chill\u00e1n, pero es un \u00e1rea muy desconocida. Estamos muy contentos porque en la segunda sesi\u00f3n, vimos que se le hizo mucho m\u00e1s f\u00e1cil y m\u00e1s r\u00e1pido completar las tareas. La tecn\u00f3loga nos ha asesorado, para estimularlo en casa e ir mejorando su respuesta visual y hemos notado mucha mejor\u00eda, por eso esperamos seguir contando con esta ayuda\u201d, agreg\u00f3 Constanza.<\/p>\n<p style=\"font-weight: 400;\">Cabe destacar, que los ni\u00f1os y ni\u00f1as primero deben ser evaluados en su Centro de Salud Familiar y derivados al Hospital a trav\u00e9s de una interconsulta.<\/p>\n","protected":false},"excerpt":{"rendered":"<p>Asisten a esta iniciativa, los peque\u00f1os que debido a una enfermedad neurol\u00f3gica u oftalmol\u00f3gica, tienen un bajo nivel de visi\u00f3n, que con actividades y ejercicios, permitir\u00e1 desarrollar al m\u00e1ximo sus capacidades, para adquirir destrezas b\u00e1sicas. <\/p>\n","protected":false},"author":3,"featured_media":13566,"comment_status":"open","ping_status":"closed","sticky":false,"template":"","format":"standard","meta":{"_acf_changed":false,"_monsterinsights_skip_tracking":false,"_monsterinsights_sitenote_active":false,"_monsterinsights_sitenote_note":"","_monsterinsights_sitenote_category":0,"footnotes":""},"categories":[4],"tags":[],"class_list":["post-13565","post","type-post","status-publish","format-standard","has-post-thumbnail","hentry","category-noticias"],"acf":[],"publishpress_future_action":{"enabled":false,"date":"2026-05-07 22:56:44","action":"change-status","newStatus":"draft","terms":[],"taxonomy":"category","extraData":[]},"publishpress_future_workflow_manual_trigger":{"enabledWorkflows":[]},"_links":{"self":[{"href":"https:\/\/hospitaldechillan.cl\/web\/wp-json\/wp\/v2\/posts\/13565","targetHints":{"allow":["GET"]}}],"collection":[{"href":"https:\/\/hospitaldechillan.cl\/web\/wp-json\/wp\/v2\/posts"}],"about":[{"href":"https:\/\/hospitaldechillan.cl\/web\/wp-json\/wp\/v2\/types\/post"}],"author":[{"embeddable":true,"href":"https:\/\/hospitaldechillan.cl\/web\/wp-json\/wp\/v2\/users\/3"}],"replies":[{"embeddable":true,"href":"https:\/\/hospitaldechillan.cl\/web\/wp-json\/wp\/v2\/comments?post=13565"}],"version-history":[{"count":6,"href":"https:\/\/hospitaldechillan.cl\/web\/wp-json\/wp\/v2\/posts\/13565\/revisions"}],"predecessor-version":[{"id":13573,"href":"https:\/\/hospitaldechillan.cl\/web\/wp-json\/wp\/v2\/posts\/13565\/revisions\/13573"}],"wp:featuredmedia":[{"embeddable":true,"href":"https:\/\/hospitaldechillan.cl\/web\/wp-json\/wp\/v2\/media\/13566"}],"wp:attachment":[{"href":"https:\/\/hospitaldechillan.cl\/web\/wp-json\/wp\/v2\/media?parent=13565"}],"wp:term":[{"taxonomy":"category","embeddable":true,"href":"https:\/\/hospitaldechillan.cl\/web\/wp-json\/wp\/v2\/categories?post=13565"},{"taxonomy":"post_tag","embeddable":true,"href":"https:\/\/hospitaldechillan.cl\/web\/wp-json\/wp\/v2\/tags?post=13565"}],"curies":[{"name":"wp","href":"https:\/\/api.w.org\/{rel}","templated":true}]}}