{"id":13391,"date":"2025-04-14T14:43:03","date_gmt":"2025-04-14T18:43:03","guid":{"rendered":"https:\/\/hospitaldechillan.cl\/web\/?p=13391"},"modified":"2025-04-14T15:36:40","modified_gmt":"2025-04-14T19:36:40","slug":"a-no-olvidar-vuelve-a-ser-obligatorio-el-uso-de-mascarilla-en-todos-los-servidores-de-urgencias","status":"publish","type":"post","link":"https:\/\/hospitaldechillan.cl\/web\/a-no-olvidar-vuelve-a-ser-obligatorio-el-uso-de-mascarilla-en-todos-los-servidores-de-urgencias\/","title":{"rendered":"\u00a1A no olvidar! Vuelve a ser obligatorio el uso de mascarilla en todos los servicios de urgencias"},"content":{"rendered":"<p>Desde el martes 15 de abril y hasta finales de agosto, las personas que acudan a cualquier servicio de urgencias, p\u00fablico o privado, deber\u00e1n usar su mascarilla para resguardarse de un contagio viral en lugares con alta concurrencia de p\u00fablico.<\/p>\n<p>Las bajas temperaturas y la merma de ventilaci\u00f3n de los espacios cerrados, contribuye al aumento de virus respiratorios que afectan a las personas m\u00e1s vulnerables como los ni\u00f1os menores de 1 a\u00f1o y las y los adultos mayores.<\/p>\n<p>Siguiendo esta l\u00f3gica, se fortalece la idea de aumentar las medidas de autocuidado, para incrementar la prevenci\u00f3n y reducir los contagios<strong>. La Dra. Luz Mar\u00eda Mor\u00e1n, Directora del Hospital Cl\u00ednico Herminda Mart\u00edn<\/strong> coment\u00f3 que en la Unidad de Emergencia del Establecimiento, se dispondr\u00e1n mascarillas para la comunidad que lo requiera y que \u201cpara disminuir la transmisi\u00f3n viral en la poblaci\u00f3n, es esencial que utilicemos medidas que todos conocemos muy bien. El uso de mascarilla, es preventivo y ayuda a protegernos nosotros mismos y tambi\u00e9n a quienes m\u00e1s queremos de enfermar de forma grave y requerir una hospitalizaci\u00f3n. En el caso, de la Unidad de Emergencia hospitalaria y otros dispositivos de este tipo en la regi\u00f3n, las salas de espera se caracterizan por ser de alta concurrencia, por ello es fundamental estar protegidos, usando de forma adecuada la mascarilla, cubriendo nariz, boca y ment\u00f3n\u201d.<\/p>\n<p>En la misma l\u00ednea, el <strong>Director (s) del Hospital de San Carlos Dr. Benicio Arzola Medina, Dr. Fernando Corval\u00e1n<\/strong>, acot\u00f3 que: \u201cNuestro compromiso es velar por la salud de la comunidad, especialmente en esta \u00e9poca en que los virus respiratorios aumentan su circulaci\u00f3n. El uso de mascarilla en los servicios de urgencia no solo es una medida sanitaria, sino tambi\u00e9n un acto de responsabilidad colectiva. Nuestra Unidad de Emergencia recibe un promedio de 200 consultas diarias, por lo que es fundamental que las y los usuarios colaboren usando correctamente su mascarilla, disminuyendo as\u00ed el riesgo de contagio producto de la alta circulaci\u00f3n viral. Como hospital, hemos dispuesto mascarillas en los accesos a urgencia para facilitar su uso y proteger a quienes m\u00e1s lo necesitan: ni\u00f1as y ni\u00f1os peque\u00f1os, personas mayores y pacientes con enfermedades cr\u00f3nicas\u201d, enfatiz\u00f3 el directivo.<\/p>\n<p><strong>REFUERZO DE LA PREVENCI\u00d3N DE ENFERMEDADES RESPIRATORIAS<\/strong><\/p>\n<p>Asimismo la directora del <strong>Servicio de Salud \u00d1uble, Elizabeth Abarca Trivi\u00f1o, se\u00f1al\u00f3<\/strong>: \u201cEsta medida busca proteger a la comunidad en una \u00e9poca del a\u00f1o en que es fundamental reforzar la prevenci\u00f3n de enfermedades respiratorias. Por eso, desde nuestra instituci\u00f3n hacemos un llamado a la poblaci\u00f3n a adoptar medidas de autocuidado, como el uso de mascarillas, la vacunaci\u00f3n, el lavado frecuente de manos, la ventilaci\u00f3n de espacios cerrados y el uso adecuado de la red de urgencia. Ante s\u00edntomas de menor complejidad, se recomienda acudir primero a los centros de atenci\u00f3n primaria como el SUR, SAPU o SAR, donde podr\u00e1n recibir atenci\u00f3n oportuna y adecuada\u201d.<\/p>\n<p>Al respecto, el <strong>Seremi de Salud \u00d1uble (s), Gustavo Rojas<\/strong> asegur\u00f3 que: \u00abDesde el 15 de abril y hasta el 31 de agosto de este a\u00f1o, o hasta que las condiciones epidemiol\u00f3gicas permitan su suspensi\u00f3n, todas las personas que acudan a unidades o establecimientos de atenci\u00f3n de urgencias, tanto p\u00fablicos como privados, deber\u00e1n utilizar mascarilla como medida de protecci\u00f3n frente a las enfermedades respiratorias. En otros espacios, como el transporte p\u00fablico o lugares con alta aglomeraci\u00f3n de gente, su uso no es obligatorio pero si se recomienda al igual que en situaciones de\u00a0\u00a0 presentar s\u00edntomas respiratorios, con el fin de evitar contagiar a otras personas\u201d.<\/p>\n<p>\u201cAsimismo, es importante recordar que el Ministerio de Salud adelant\u00f3 la campa\u00f1a de vacunaci\u00f3n, la cual entrega gratuitamente a los grupos objetivos las dosis necesarias para prevenir enfermedades como la influenza, el COVID-19, la coqueluche, el neumococo y virus respiratorio sincicial\u201d, coment\u00f3 la autoridad.<\/p>\n<p>Recordar que en la Regi\u00f3n la campa\u00f1a permanece operativa, siendo multitudinaria pues a la semana pasada, ya se hab\u00edan inoculado m\u00e1s de 134 mil personas.<\/p>\n<p>&nbsp;<\/p>\n","protected":false},"excerpt":{"rendered":"<p>La medida es parte de la alerta sanitaria emitida por el Ministerio de Salud y se extender\u00e1 hasta el pr\u00f3ximo 31 de agosto, para cuidar la salud de las personas en los momentos de mayor circulaci\u00f3n viral. <\/p>\n","protected":false},"author":3,"featured_media":13392,"comment_status":"open","ping_status":"closed","sticky":false,"template":"","format":"standard","meta":{"_acf_changed":false,"_monsterinsights_skip_tracking":false,"_monsterinsights_sitenote_active":false,"_monsterinsights_sitenote_note":"","_monsterinsights_sitenote_category":0,"footnotes":""},"categories":[4],"tags":[],"class_list":["post-13391","post","type-post","status-publish","format-standard","has-post-thumbnail","hentry","category-noticias"],"acf":[],"publishpress_future_action":{"enabled":false,"date":"2026-05-07 23:00:26","action":"change-status","newStatus":"draft","terms":[],"taxonomy":"category","extraData":[]},"publishpress_future_workflow_manual_trigger":{"enabledWorkflows":[]},"_links":{"self":[{"href":"https:\/\/hospitaldechillan.cl\/web\/wp-json\/wp\/v2\/posts\/13391","targetHints":{"allow":["GET"]}}],"collection":[{"href":"https:\/\/hospitaldechillan.cl\/web\/wp-json\/wp\/v2\/posts"}],"about":[{"href":"https:\/\/hospitaldechillan.cl\/web\/wp-json\/wp\/v2\/types\/post"}],"author":[{"embeddable":true,"href":"https:\/\/hospitaldechillan.cl\/web\/wp-json\/wp\/v2\/users\/3"}],"replies":[{"embeddable":true,"href":"https:\/\/hospitaldechillan.cl\/web\/wp-json\/wp\/v2\/comments?post=13391"}],"version-history":[{"count":3,"href":"https:\/\/hospitaldechillan.cl\/web\/wp-json\/wp\/v2\/posts\/13391\/revisions"}],"predecessor-version":[{"id":13395,"href":"https:\/\/hospitaldechillan.cl\/web\/wp-json\/wp\/v2\/posts\/13391\/revisions\/13395"}],"wp:featuredmedia":[{"embeddable":true,"href":"https:\/\/hospitaldechillan.cl\/web\/wp-json\/wp\/v2\/media\/13392"}],"wp:attachment":[{"href":"https:\/\/hospitaldechillan.cl\/web\/wp-json\/wp\/v2\/media?parent=13391"}],"wp:term":[{"taxonomy":"category","embeddable":true,"href":"https:\/\/hospitaldechillan.cl\/web\/wp-json\/wp\/v2\/categories?post=13391"},{"taxonomy":"post_tag","embeddable":true,"href":"https:\/\/hospitaldechillan.cl\/web\/wp-json\/wp\/v2\/tags?post=13391"}],"curies":[{"name":"wp","href":"https:\/\/api.w.org\/{rel}","templated":true}]}}