{"id":13112,"date":"2025-03-21T11:27:42","date_gmt":"2025-03-21T15:27:42","guid":{"rendered":"https:\/\/hospitaldechillan.cl\/web\/?p=13112"},"modified":"2025-03-21T11:27:42","modified_gmt":"2025-03-21T15:27:42","slug":"hospital-de-chillan-incorporo-facilitadoras-interculturales-para-la-atencion-de-las-comunidades-originarias","status":"publish","type":"post","link":"https:\/\/hospitaldechillan.cl\/web\/hospital-de-chillan-incorporo-facilitadoras-interculturales-para-la-atencion-de-las-comunidades-originarias\/","title":{"rendered":"Hospital de Chill\u00e1n incorpor\u00f3 facilitadoras interculturales para la atenci\u00f3n de las comunidades originarias"},"content":{"rendered":"<p><strong>Maricela Guti\u00e9rrez y su hijo Benjam\u00edn<\/strong>, son parte de las 27 personas que han recibido el acompa\u00f1amiento y la orientaci\u00f3n de las <strong>facilitadoras interculturales de pueblos originarios del Hospital Cl\u00ednico Herminda Mart\u00edn (HCHM)<\/strong>, figura que est\u00e1 disponible para garantizar el derecho a una atenci\u00f3n de salud con pertinencia cultural, sin discriminaci\u00f3n arbitraria, atendida por personal capacitado en interculturalidad y cosmovisi\u00f3n de estos pueblos.<\/p>\n<p>De acuerdo con <strong>Solange J\u00e9lvez, jefa del Departamento de Gesti\u00f3n Usuaria y Participaci\u00f3n Social del HCHM<\/strong>, \u201cla atenci\u00f3n de las facilitadoras se enmarca dentro del Programa Especial de Salud y Pueblos Ind\u00edgenas del Ministerio de Salud, para responder a sus necesidades y apoyarlos en resolver situaciones donde lo cultural sea relevante para su recuperaci\u00f3n de salud, as\u00ed como fomentar el trabajo complementario entre los sistemas de salud de ambas culturas, resaltando el fortalecimiento y recuperaci\u00f3n de la medicina tradicional mapuche\u201d.<\/p>\n<p>Asimismo, J\u00e9lvez relev\u00f3 que \u201cla idea tambi\u00e9n, es realizar acciones que nos permitan promover h\u00e1bitos saludables y de prevenci\u00f3n de enfermedades a nivel comunitario, enfatizando en la complementariedad de los sistemas de salud (ind\u00edgena y no ind\u00edgena) y la coordinaci\u00f3n con la red para derivaciones oportunas y ayudas sociales cuando estas se requieren\u201d.<\/p>\n<p>En el Establecimiento<strong>, Yocelyn Flores y Marcela Parra<\/strong>, ambas pertenecientes al pueblo mapuche son las encargadas de este importante rol, que adem\u00e1s tiene como caracter\u00edstica la humanizaci\u00f3n del trato, enraizada en la pertinencia cultural. Ellas, realizan su funci\u00f3n con las y los usuarios hospitalizados, en atenci\u00f3n de urgencia y en el Centro Ambulatorio de Especialidades.<\/p>\n<p>Para Yocelyn lograr una atenci\u00f3n con pertinencia intercultural es maravilloso \u201cpues nos permite estar cerca de nuestros lamgen y como parte del pueblo mapuche, es una gran oportunidad, estar disponible para orientales cuando se sienten m\u00e1s vulnerables, como sucede cuando enfermamos\u201d.<\/p>\n<p>Durante los primeros meses de instalaci\u00f3n, la atenci\u00f3n del p\u00fablico se coordina con las asociaciones de pueblos originarios de \u00d1uble.<\/p>\n<p><strong>LA HUMANIZACI\u00d3N Y EL ACOMPA\u00d1AMIENTO <\/strong><\/p>\n<p><strong>Benjam\u00edn Jara<\/strong>, es un joven de 22 a\u00f1os que est\u00e1 dentro de la condici\u00f3n del espectro autista, con limitaciones en la comunicaci\u00f3n pues no es verbal.<\/p>\n<p><img loading=\"lazy\" decoding=\"async\" class=\"alignnone size-medium wp-image-13114\" src=\"https:\/\/hospitaldechillan.cl\/web\/wp-content\/uploads\/2025\/03\/1-4-640x360.jpg\" alt=\"\" width=\"640\" height=\"360\" srcset=\"https:\/\/hospitaldechillan.cl\/web\/wp-content\/uploads\/2025\/03\/1-4-640x360.jpg 640w, https:\/\/hospitaldechillan.cl\/web\/wp-content\/uploads\/2025\/03\/1-4-1200x675.jpg 1200w, https:\/\/hospitaldechillan.cl\/web\/wp-content\/uploads\/2025\/03\/1-4-768x432.jpg 768w, https:\/\/hospitaldechillan.cl\/web\/wp-content\/uploads\/2025\/03\/1-4-1536x864.jpg 1536w, https:\/\/hospitaldechillan.cl\/web\/wp-content\/uploads\/2025\/03\/1-4.jpg 1600w\" sizes=\"auto, (max-width: 640px) 100vw, 640px\" \/><\/p>\n<p>Su madre, <strong>Maricela Guti\u00e9rrez Bocaz<\/strong> resalt\u00f3 que \u201cla condici\u00f3n de mi hijo y sus otras complicaciones de salud, y eso de que es autista no verbal afecta mucho la comunicaci\u00f3n con \u00e9l, a\u00fan m\u00e1s en dolor o enfermedad porque no me puede expresar qu\u00e9 le duele, y eso\u00a0 aumenta mi angustia. Cuando esperaba el resultado de una de sus cirug\u00edas dentales, con anestesia general, se me acercaron dos se\u00f1oritas \u2013las facilitadoras- para preguntarme c\u00f3mo me pod\u00edan ayudar y ellas, luego buscaron la informaci\u00f3n sobre la evoluci\u00f3n de la cirug\u00eda, d\u00f3nde estaba hospitalizado mi hijo y en qu\u00e9 condiciones y eso me gener\u00f3 una sensaci\u00f3n de tranquilidad, saber que las personas importamos m\u00e1s all\u00e1 de la cirug\u00eda, emocionalmente\u201d.<\/p>\n<p>Adem\u00e1s Maricela destac\u00f3 que \u201cquiero felicitar a las facilitadoras, especialmente a Yocelyn porque se acerc\u00f3, me tranquiliz\u00f3 y ha estado en contacto despu\u00e9s de las dos cirug\u00edas y en el proceso de control y por esto estoy gratamente sorprendida, tambi\u00e9n porque se reconoce a los pueblos originarios, que fueron quienes iniciaron la patria, por esto me parece muy lindo que se preocupen de nuestra comunidad, desde una perspectiva cercana, amable y humana\u201d.<\/p>\n<p>En el per\u00edodo de instalaci\u00f3n de estos cargos (4 meses) se han atendido 27 casos, con distintas intervenciones, siendo el acompa\u00f1amiento y la informaci\u00f3n los m\u00e1s requeridos.<\/p>\n<p>&nbsp;<\/p>\n<p>&nbsp;<\/p>\n","protected":false},"excerpt":{"rendered":"<p>Hasta el momento, 27 personas pertenecientes a pueblos originarios, han sido orientadas y acompa\u00f1adas en el proceso de atenci\u00f3n, otorgando una experiencia respetuosa de las pr\u00e1cticas culturales y tambi\u00e9n basada en un trato m\u00e1s humano, cercano que ofrece mayor tranquilidad a las familias de las y los usuarios. <\/p>\n","protected":false},"author":3,"featured_media":13113,"comment_status":"open","ping_status":"closed","sticky":false,"template":"","format":"standard","meta":{"_acf_changed":false,"_monsterinsights_skip_tracking":false,"_monsterinsights_sitenote_active":false,"_monsterinsights_sitenote_note":"","_monsterinsights_sitenote_category":0,"footnotes":""},"categories":[4],"tags":[],"class_list":["post-13112","post","type-post","status-publish","format-standard","has-post-thumbnail","hentry","category-noticias"],"acf":[],"publishpress_future_action":{"enabled":false,"date":"2026-05-09 07:31:50","action":"change-status","newStatus":"draft","terms":[],"taxonomy":"category","extraData":[]},"publishpress_future_workflow_manual_trigger":{"enabledWorkflows":[]},"_links":{"self":[{"href":"https:\/\/hospitaldechillan.cl\/web\/wp-json\/wp\/v2\/posts\/13112","targetHints":{"allow":["GET"]}}],"collection":[{"href":"https:\/\/hospitaldechillan.cl\/web\/wp-json\/wp\/v2\/posts"}],"about":[{"href":"https:\/\/hospitaldechillan.cl\/web\/wp-json\/wp\/v2\/types\/post"}],"author":[{"embeddable":true,"href":"https:\/\/hospitaldechillan.cl\/web\/wp-json\/wp\/v2\/users\/3"}],"replies":[{"embeddable":true,"href":"https:\/\/hospitaldechillan.cl\/web\/wp-json\/wp\/v2\/comments?post=13112"}],"version-history":[{"count":1,"href":"https:\/\/hospitaldechillan.cl\/web\/wp-json\/wp\/v2\/posts\/13112\/revisions"}],"predecessor-version":[{"id":13115,"href":"https:\/\/hospitaldechillan.cl\/web\/wp-json\/wp\/v2\/posts\/13112\/revisions\/13115"}],"wp:featuredmedia":[{"embeddable":true,"href":"https:\/\/hospitaldechillan.cl\/web\/wp-json\/wp\/v2\/media\/13113"}],"wp:attachment":[{"href":"https:\/\/hospitaldechillan.cl\/web\/wp-json\/wp\/v2\/media?parent=13112"}],"wp:term":[{"taxonomy":"category","embeddable":true,"href":"https:\/\/hospitaldechillan.cl\/web\/wp-json\/wp\/v2\/categories?post=13112"},{"taxonomy":"post_tag","embeddable":true,"href":"https:\/\/hospitaldechillan.cl\/web\/wp-json\/wp\/v2\/tags?post=13112"}],"curies":[{"name":"wp","href":"https:\/\/api.w.org\/{rel}","templated":true}]}}