{"id":12829,"date":"2025-02-28T12:13:57","date_gmt":"2025-02-28T16:13:57","guid":{"rendered":"https:\/\/hospitaldechillan.cl\/web\/?p=12829"},"modified":"2025-02-28T12:13:57","modified_gmt":"2025-02-28T16:13:57","slug":"unidad-de-imagenologia-del-nuevo-hospital-regional-de-nuble-lleva-un-98-de-avance","status":"publish","type":"post","link":"https:\/\/hospitaldechillan.cl\/web\/unidad-de-imagenologia-del-nuevo-hospital-regional-de-nuble-lleva-un-98-de-avance\/","title":{"rendered":"Unidad de Imagenolog\u00eda del Nuevo Hospital Regional de \u00d1uble lleva un 98% de avance"},"content":{"rendered":"<p>La <strong>Unidad de Imagenolog\u00eda del Hospital Cl\u00ednico Herminda Mart\u00edn (HCHM)<\/strong> est\u00e1 de aniversario, ya cumple 65 a\u00f1os al servicio de la comunidad, consolid\u00e1ndose como un referente en diagn\u00f3stico por im\u00e1genes en la regi\u00f3n. Su historia, marcada por innovaciones y avances tecnol\u00f3gicos, est\u00e1 pr\u00f3xima a dar un nuevo salto con su traslado al futuro <strong>Hospital Regional de \u00d1uble (HR\u00d1).\u00a0 <\/strong><\/p>\n<p>Para la <strong>Directora del HCHM, Dra. Luz Mar\u00eda Mor\u00e1n<\/strong>, \u201cel avance del 98% de la infraestructura permite que la renovaci\u00f3n de la Unidad de Imagenolog\u00eda potencie nuestra capacidad diagn\u00f3stica y refuerce nuestro compromiso con una atenci\u00f3n de excelencia para la comunidad. Con el pr\u00f3ximo traslado, seguimos avanzando en nuestra misi\u00f3n de brindar atenciones a patolog\u00edas de forma precisa y oportuna, mejorando la calidad de vida de la regi\u00f3n y reafirmando el crecimiento en tecnolog\u00eda m\u00e9dica\u201d.<\/p>\n<p>El traslado al Nuevo Hospital Regional de \u00d1uble representa una mejora significativa en infraestructura y equipamiento. \u201cCon una superficie de 1.430 metros cuadrados, la nueva Unidad estar\u00e1 ubicada en el primer piso de la torre azul, junto a la Unidad de Emergencia\u201d, agrega la directiva.<\/p>\n<p><img loading=\"lazy\" decoding=\"async\" class=\"alignnone size-medium wp-image-12831\" src=\"https:\/\/hospitaldechillan.cl\/web\/wp-content\/uploads\/2025\/02\/6-640x360.png\" alt=\"\" width=\"640\" height=\"360\" srcset=\"https:\/\/hospitaldechillan.cl\/web\/wp-content\/uploads\/2025\/02\/6-640x360.png 640w, https:\/\/hospitaldechillan.cl\/web\/wp-content\/uploads\/2025\/02\/6-1200x675.png 1200w, https:\/\/hospitaldechillan.cl\/web\/wp-content\/uploads\/2025\/02\/6-768x432.png 768w, https:\/\/hospitaldechillan.cl\/web\/wp-content\/uploads\/2025\/02\/6-1536x864.png 1536w, https:\/\/hospitaldechillan.cl\/web\/wp-content\/uploads\/2025\/02\/6.png 1600w\" sizes=\"auto, (max-width: 640px) 100vw, 640px\" \/><\/p>\n<p>De acuerdo al <strong>jefe del de Imagenolog\u00eda del HCHM, Dr. Juan T\u00e9llez Miric<\/strong>, \u201cEl traslado es un hito crucial en nuestra historia, pues este cambio nos permitir\u00e1 seguir creciendo y brindando una atenci\u00f3n m\u00e1s eficiente, c\u00f3moda y oportuna a nuestros usuarios, con tecnolog\u00eda de primer nivel. Por ello, nuestro servicio se prepara para asumir este gran desaf\u00edo\u201d.<\/p>\n<p>Durante los 65 a\u00f1os de trayectoria de la Unidad, T\u00e9llez destaca que \u201cla llegada del sistema doppler, la transici\u00f3n a im\u00e1genes digitales, la incorporaci\u00f3n del scanner y la implementaci\u00f3n del sistema RIS-PACS, adem\u00e1s de la reciente adquisici\u00f3n de tecnolog\u00edas avanzadas como la mamograf\u00eda con contraste y las biopsias por estereotaxia, fortalecen la detecci\u00f3n temprana del c\u00e1ncer de mama en la regi\u00f3n, han sido grandes adelantos\u201d.<\/p>\n<p>El nuevo espacio contar\u00e1 con tecnolog\u00eda de \u00faltima generaci\u00f3n, destacando la radiograf\u00eda digital directa, el resonador magn\u00e9tico, seri\u00f3grafo y angiograf\u00eda.<\/p>\n<p><img loading=\"lazy\" decoding=\"async\" class=\"alignnone size-medium wp-image-12830\" src=\"https:\/\/hospitaldechillan.cl\/web\/wp-content\/uploads\/2025\/02\/4-1-640x427.png\" alt=\"\" width=\"640\" height=\"427\" srcset=\"https:\/\/hospitaldechillan.cl\/web\/wp-content\/uploads\/2025\/02\/4-1-640x427.png 640w, https:\/\/hospitaldechillan.cl\/web\/wp-content\/uploads\/2025\/02\/4-1-1200x800.png 1200w, https:\/\/hospitaldechillan.cl\/web\/wp-content\/uploads\/2025\/02\/4-1-768x512.png 768w, https:\/\/hospitaldechillan.cl\/web\/wp-content\/uploads\/2025\/02\/4-1-1536x1024.png 1536w, https:\/\/hospitaldechillan.cl\/web\/wp-content\/uploads\/2025\/02\/4-1-2048x1365.png 2048w\" sizes=\"auto, (max-width: 640px) 100vw, 640px\" \/><\/p>\n<p>Por su parte, el <strong>Director (s) del Servicio de Salud \u00d1uble, \u00c1lex Paredes Poblete<\/strong>, se\u00f1al\u00f3: \u00abLa materializaci\u00f3n de este importante proyecto permitir\u00e1 incorporar en el futuro recinto asistencial, y por primera vez en la Red P\u00fablica de Salud de la regi\u00f3n, un resonador magn\u00e9tico. Este significativo avance, sin duda, mejorar\u00e1 la calidad de las prestaciones y la capacidad de resoluci\u00f3n de nuestros establecimientos, agilizando la atenci\u00f3n y reduciendo los tiempos que una persona espera por este tipo de atenci\u00f3n. Gracias a esta moderna tecnolog\u00eda, los pacientes podr\u00e1n realizar estudios cl\u00ednicos completos en el mismo hospital, sin necesidad de ser derivados a otros centros ni recurrir a servicios externos\u00bb.<\/p>\n<p>Hoy la Unidad de Imagenolog\u00eda cuenta con un equipo multidisciplinario de 45 personas compuesto por T\u00e9cnicos en Enfermer\u00eda de Nivel Superior, auxiliares, tecn\u00f3logos m\u00e9dicos, enfermeras, administrativos y m\u00e9dicos radi\u00f3logos.<\/p>\n","protected":false},"excerpt":{"rendered":"<p>El \u00e1rea de apoyo diagn\u00f3stico y terap\u00e9utico del Hospital Cl\u00ednico Herminda Mart\u00edn se alista para su puesta en marcha y funcionar en el primer piso de una de las torres cl\u00ednicas del nuevo y moderno complejo hospitalario.<\/p>\n","protected":false},"author":3,"featured_media":12832,"comment_status":"open","ping_status":"closed","sticky":false,"template":"","format":"standard","meta":{"_acf_changed":false,"_monsterinsights_skip_tracking":false,"_monsterinsights_sitenote_active":false,"_monsterinsights_sitenote_note":"","_monsterinsights_sitenote_category":0,"footnotes":""},"categories":[4],"tags":[],"class_list":["post-12829","post","type-post","status-publish","format-standard","has-post-thumbnail","hentry","category-noticias"],"acf":[],"publishpress_future_action":{"enabled":false,"date":"2026-05-08 12:38:59","action":"change-status","newStatus":"draft","terms":[],"taxonomy":"category","extraData":[]},"publishpress_future_workflow_manual_trigger":{"enabledWorkflows":[]},"_links":{"self":[{"href":"https:\/\/hospitaldechillan.cl\/web\/wp-json\/wp\/v2\/posts\/12829","targetHints":{"allow":["GET"]}}],"collection":[{"href":"https:\/\/hospitaldechillan.cl\/web\/wp-json\/wp\/v2\/posts"}],"about":[{"href":"https:\/\/hospitaldechillan.cl\/web\/wp-json\/wp\/v2\/types\/post"}],"author":[{"embeddable":true,"href":"https:\/\/hospitaldechillan.cl\/web\/wp-json\/wp\/v2\/users\/3"}],"replies":[{"embeddable":true,"href":"https:\/\/hospitaldechillan.cl\/web\/wp-json\/wp\/v2\/comments?post=12829"}],"version-history":[{"count":1,"href":"https:\/\/hospitaldechillan.cl\/web\/wp-json\/wp\/v2\/posts\/12829\/revisions"}],"predecessor-version":[{"id":12833,"href":"https:\/\/hospitaldechillan.cl\/web\/wp-json\/wp\/v2\/posts\/12829\/revisions\/12833"}],"wp:featuredmedia":[{"embeddable":true,"href":"https:\/\/hospitaldechillan.cl\/web\/wp-json\/wp\/v2\/media\/12832"}],"wp:attachment":[{"href":"https:\/\/hospitaldechillan.cl\/web\/wp-json\/wp\/v2\/media?parent=12829"}],"wp:term":[{"taxonomy":"category","embeddable":true,"href":"https:\/\/hospitaldechillan.cl\/web\/wp-json\/wp\/v2\/categories?post=12829"},{"taxonomy":"post_tag","embeddable":true,"href":"https:\/\/hospitaldechillan.cl\/web\/wp-json\/wp\/v2\/tags?post=12829"}],"curies":[{"name":"wp","href":"https:\/\/api.w.org\/{rel}","templated":true}]}}