{"id":12715,"date":"2025-01-23T15:14:24","date_gmt":"2025-01-23T19:14:24","guid":{"rendered":"https:\/\/hospitaldechillan.cl\/web\/?p=12715"},"modified":"2025-01-23T15:14:24","modified_gmt":"2025-01-23T19:14:24","slug":"nino-prematuro-vuelve-a-casa-despues-de-584-dias-hospitalizado","status":"publish","type":"post","link":"https:\/\/hospitaldechillan.cl\/web\/nino-prematuro-vuelve-a-casa-despues-de-584-dias-hospitalizado\/","title":{"rendered":"Ni\u00f1o prematuro vuelve a casa despu\u00e9s de 584 d\u00edas hospitalizado"},"content":{"rendered":"<p style=\"font-weight: 400;\">Tras un a\u00f1o y medio internado en el <strong>Hospital Cl\u00ednico Herminda Mart\u00edn (HCHM<\/strong>), Fabi\u00e1n Baham\u00f3ndez, nacido el 9 de febrero de 2023, fue dado de alta en excelentes condiciones de salud. Este hito cierra\u00a0 un desafiante cap\u00edtulo tanto para el peque\u00f1o como para su familia y destaca el arduo trabajo de los equipos cl\u00ednicos de la <strong>Unidad de Paciente Cr\u00edtico Pedi\u00e1trico (UPC) y el Servicio de Pediatr\u00eda.<\/strong><\/p>\n<p style=\"font-weight: 400;\">Desde su nacimiento, con un peso de 2.550 gramos, Fabi\u00e1n enfrent\u00f3 las complejidades propias de la prematurez. Aunque inicialmente fue dado de alta junto a su hermano mellizo al cumplir 20 d\u00edas de vida, debi\u00f3 ser reingresado a los cuatro meses debido a un cuadro respiratorio severo. Posteriormente, requiri\u00f3 una intervenci\u00f3n quir\u00fargica en el Hospital Guillermo Grant de Concepci\u00f3n para corregir una estrechez severa de la v\u00eda a\u00e9rea, lo que prolong\u00f3 su hospitalizaci\u00f3n a un total de 584 d\u00edas.<\/p>\n<p style=\"font-weight: 400;\">El equipo de la <strong>Unidad de Paciente Cr\u00edtico Pedi\u00e1trico<\/strong>, tuvo un papel crucial en la atenci\u00f3n y cuidado de Fabi\u00e1n, pues su especialidad son los cuidados intensivos de pacientes que requieren\u00a0\u00a0 monitorizaci\u00f3n y vigilancia permanente.\u00a0 Su ingreso ocurri\u00f3 durante el peak de infecciones respiratorias del invierno de 2023, una de las temporadas m\u00e1s agresivas de los \u00faltimos a\u00f1os, que impact\u00f3 especialmente a la poblaci\u00f3n infantil.<\/p>\n<p style=\"font-weight: 400;\">La pediatra Karina Arriagada recuerda el largo proceso que vivi\u00f3 Fabi\u00e1n: \u201cIngres\u00f3 con nosotros debido a una neumon\u00eda grave. Estuvo acompa\u00f1ado por sus padres y adoptamos todas las precauciones para facilitar las visitas de sus hermanos. Estuvo estimulado todo el tiempo por el equipo de Integra. El trabajo con \u00e9l se desarroll\u00f3 de manera enfocada, con el objetivo principal de tratar su patolog\u00eda y facilitar su recuperaci\u00f3n para que pudiera regresar a su hogar. Esto es fundamental, ya que el entorno familiar es el mejor lugar para un ni\u00f1o, especialmente uno tan peque\u00f1o, donde puede recibir el afecto, el cari\u00f1o y la estimulaci\u00f3n necesarios para su desarrollo\u201d.<\/p>\n<p><img loading=\"lazy\" decoding=\"async\" class=\"alignnone size-medium wp-image-12718\" src=\"https:\/\/hospitaldechillan.cl\/web\/wp-content\/uploads\/2025\/01\/1-2-640x360.png\" alt=\"\" width=\"640\" height=\"360\" srcset=\"https:\/\/hospitaldechillan.cl\/web\/wp-content\/uploads\/2025\/01\/1-2-640x360.png 640w, https:\/\/hospitaldechillan.cl\/web\/wp-content\/uploads\/2025\/01\/1-2-1200x675.png 1200w, https:\/\/hospitaldechillan.cl\/web\/wp-content\/uploads\/2025\/01\/1-2-768x432.png 768w, https:\/\/hospitaldechillan.cl\/web\/wp-content\/uploads\/2025\/01\/1-2-1536x864.png 1536w, https:\/\/hospitaldechillan.cl\/web\/wp-content\/uploads\/2025\/01\/1-2.png 1600w\" sizes=\"auto, (max-width: 640px) 100vw, 640px\" \/><\/p>\n<p>El alta m\u00e9dica de Fabi\u00e1n no solo marca el inicio de una nueva etapa en su vida, sino que tambi\u00e9n representa la importancia de contar con unidades especializadas en la red p\u00fablica de salud.<\/p>\n<div>\n<div>\n<p>\u201cEstamos infinitamente agradecidos con todo el equipo m\u00e9dico y de enfermer\u00eda. No solo cuidaron a nuestro beb\u00e9, sino que tambi\u00e9n nos dieron esperanza en los momentos m\u00e1s dif\u00edciles. Su dedicaci\u00f3n y profesionalismo fueron esenciales para que hoy podamos llevar a nuestro hijo a casa\u201d, expres\u00f3 Fabiola Villagra, madre de Fabi\u00e1n.<\/p>\n<\/div>\n<div>\n<p><b>Tradicional ceremonia de graduaci\u00f3n <\/b><\/p>\n<\/div>\n<p>Como parte de una tradici\u00f3n que comenz\u00f3 hace seis a\u00f1os en el Hospital, se realiz\u00f3 una emotiva ceremonia de graduaci\u00f3n para Fabi\u00e1n. En este evento, \u00e9l y su familia recibieron un diploma de reconocimiento, una medalla y regalos como s\u00edmbolo de su valent\u00eda y resiliencia durante esta larga hospitalizaci\u00f3n.<\/p>\n<\/div>\n","protected":false},"excerpt":{"rendered":"<p>Por las complicaciones propias de su nacimiento antes de tiempo, Fabi\u00e1n Baham\u00f3ndez enfrent\u00f3 un larga hospitalizaci\u00f3n que, gracias al cuidado especializado del \u00e1rea infantil, concluy\u00f3 con su regreso saludable a casa junto a su familia.<\/p>\n","protected":false},"author":3,"featured_media":12717,"comment_status":"open","ping_status":"closed","sticky":false,"template":"","format":"standard","meta":{"_acf_changed":false,"_monsterinsights_skip_tracking":false,"_monsterinsights_sitenote_active":false,"_monsterinsights_sitenote_note":"","_monsterinsights_sitenote_category":0,"footnotes":""},"categories":[4],"tags":[],"class_list":["post-12715","post","type-post","status-publish","format-standard","has-post-thumbnail","hentry","category-noticias"],"acf":[],"publishpress_future_action":{"enabled":false,"date":"2026-05-09 02:23:34","action":"change-status","newStatus":"draft","terms":[],"taxonomy":"category","extraData":[]},"publishpress_future_workflow_manual_trigger":{"enabledWorkflows":[]},"_links":{"self":[{"href":"https:\/\/hospitaldechillan.cl\/web\/wp-json\/wp\/v2\/posts\/12715","targetHints":{"allow":["GET"]}}],"collection":[{"href":"https:\/\/hospitaldechillan.cl\/web\/wp-json\/wp\/v2\/posts"}],"about":[{"href":"https:\/\/hospitaldechillan.cl\/web\/wp-json\/wp\/v2\/types\/post"}],"author":[{"embeddable":true,"href":"https:\/\/hospitaldechillan.cl\/web\/wp-json\/wp\/v2\/users\/3"}],"replies":[{"embeddable":true,"href":"https:\/\/hospitaldechillan.cl\/web\/wp-json\/wp\/v2\/comments?post=12715"}],"version-history":[{"count":1,"href":"https:\/\/hospitaldechillan.cl\/web\/wp-json\/wp\/v2\/posts\/12715\/revisions"}],"predecessor-version":[{"id":12719,"href":"https:\/\/hospitaldechillan.cl\/web\/wp-json\/wp\/v2\/posts\/12715\/revisions\/12719"}],"wp:featuredmedia":[{"embeddable":true,"href":"https:\/\/hospitaldechillan.cl\/web\/wp-json\/wp\/v2\/media\/12717"}],"wp:attachment":[{"href":"https:\/\/hospitaldechillan.cl\/web\/wp-json\/wp\/v2\/media?parent=12715"}],"wp:term":[{"taxonomy":"category","embeddable":true,"href":"https:\/\/hospitaldechillan.cl\/web\/wp-json\/wp\/v2\/categories?post=12715"},{"taxonomy":"post_tag","embeddable":true,"href":"https:\/\/hospitaldechillan.cl\/web\/wp-json\/wp\/v2\/tags?post=12715"}],"curies":[{"name":"wp","href":"https:\/\/api.w.org\/{rel}","templated":true}]}}