{"id":12457,"date":"2024-12-06T11:49:38","date_gmt":"2024-12-06T15:49:38","guid":{"rendered":"https:\/\/hospitaldechillan.cl\/web\/?p=12457"},"modified":"2024-12-06T11:49:38","modified_gmt":"2024-12-06T15:49:38","slug":"hospital-de-chillan-aumenta-los-horarios-de-visita-en-todos-los-servicios-y-unidades","status":"publish","type":"post","link":"https:\/\/hospitaldechillan.cl\/web\/hospital-de-chillan-aumenta-los-horarios-de-visita-en-todos-los-servicios-y-unidades\/","title":{"rendered":"Hospital de Chill\u00e1n aumenta los horarios de visita en todos los servicios y unidades"},"content":{"rendered":"<p>Con el prop\u00f3sito de entregar m\u00e1s tiempo de acompa\u00f1amiento a las usuarias y usuarios hospitalizados, el <strong>Hospital Cl\u00ednico Herminda Mart\u00edn (HCHM)<\/strong> aument\u00f3 los horarios disponibles para que los seres queridos puedan estar presentes durante los per\u00edodos de hospitalizaci\u00f3n independiente de la patolog\u00eda que cursen sus familiares.<\/p>\n<p><strong>Solange J\u00e9lvez, jefa del Departamento de Gesti\u00f3n Usuaria y Participaci\u00f3n Social del HCHM<\/strong>, coment\u00f3 que \u201cnuestro Establecimiento es un Hospital amigo de la familia y la comunidad, lo que se condice con ser una instituci\u00f3n de puertas abiertas, que en los cuidados de atenci\u00f3n cerrada incluye a los seres queridos, como una forma de apoyar la recuperaci\u00f3n, porque sabemos que la presencia una persona cercana, ayuda a una m\u00e1s pronta rehabilitaci\u00f3n, adem\u00e1s que pueden ser part\u00edcipes de actividades como la alimentaci\u00f3n asistida, si se necesita y la limpieza y el confort de su familiar\u201d.<\/p>\n<p>Adem\u00e1s la trabajadora social, destaca que en esta nueva ampliaci\u00f3n de horarios, se aumenta hasta el doble de tiempo en los servicios b\u00e1sicos, medios y cr\u00edticos, llegando en el Servicio de Medicina y de Obstetricia a ser de 6 horas al d\u00eda \u2013en las salas de cuidados b\u00e1sicos-, de lunes a domingo, mientras que en las de cuidados medios es de 3 horas.<\/p>\n<p>\u201cEn esta ocasi\u00f3n, se mantiene la visita de una persona por paciente, pudiendo realizarse varios recambios en ese lapso, salvo en los servicios de mayor complejidad, de camas medias y cr\u00edticas. Adem\u00e1s se permite el ingreso de ni\u00f1as, ni\u00f1os y adolescentes, siempre en compa\u00f1\u00eda de un adulto responsable y dependiendo del estado de salud del ser querido a visitar. Lo que buscamos con esta medida, es poder incluirlos en el acompa\u00f1amiento a un familiar enfermo, para garantizar sus derechos a estar presentes en situaciones relevantes de la vida, como podr\u00eda ser el nacimiento de un hermano o bien, la despedida de un familiar cercano\u201d, asegura J\u00e9lvez.<\/p>\n<p>Estos nuevos horarios de visita, est\u00e1n disponibles en la p\u00e1gina institucional del Hospital <a href=\"http:\/\/www.hospitaldechillan.cl\">www.hospitaldechillan.cl<\/a> y tambi\u00e9n actualizada en sus redes sociales.<\/p>\n","protected":false},"excerpt":{"rendered":"<p>Hasta seis horas de visita diaria, en las dependencias de cuidados b\u00e1sicos y tres en las de cuidados cr\u00edticos para mejorar el estado an\u00edmico e involucrar a las familias en el proceso de recuperaci\u00f3n de sus seres queridos. <\/p>\n","protected":false},"author":3,"featured_media":12458,"comment_status":"open","ping_status":"closed","sticky":false,"template":"","format":"standard","meta":{"_acf_changed":false,"_monsterinsights_skip_tracking":false,"_monsterinsights_sitenote_active":false,"_monsterinsights_sitenote_note":"","_monsterinsights_sitenote_category":0,"footnotes":""},"categories":[4],"tags":[],"class_list":["post-12457","post","type-post","status-publish","format-standard","has-post-thumbnail","hentry","category-noticias"],"acf":[],"publishpress_future_action":{"enabled":false,"date":"2026-05-09 01:55:01","action":"change-status","newStatus":"draft","terms":[],"taxonomy":"category","extraData":[]},"publishpress_future_workflow_manual_trigger":{"enabledWorkflows":[]},"_links":{"self":[{"href":"https:\/\/hospitaldechillan.cl\/web\/wp-json\/wp\/v2\/posts\/12457","targetHints":{"allow":["GET"]}}],"collection":[{"href":"https:\/\/hospitaldechillan.cl\/web\/wp-json\/wp\/v2\/posts"}],"about":[{"href":"https:\/\/hospitaldechillan.cl\/web\/wp-json\/wp\/v2\/types\/post"}],"author":[{"embeddable":true,"href":"https:\/\/hospitaldechillan.cl\/web\/wp-json\/wp\/v2\/users\/3"}],"replies":[{"embeddable":true,"href":"https:\/\/hospitaldechillan.cl\/web\/wp-json\/wp\/v2\/comments?post=12457"}],"version-history":[{"count":1,"href":"https:\/\/hospitaldechillan.cl\/web\/wp-json\/wp\/v2\/posts\/12457\/revisions"}],"predecessor-version":[{"id":12459,"href":"https:\/\/hospitaldechillan.cl\/web\/wp-json\/wp\/v2\/posts\/12457\/revisions\/12459"}],"wp:featuredmedia":[{"embeddable":true,"href":"https:\/\/hospitaldechillan.cl\/web\/wp-json\/wp\/v2\/media\/12458"}],"wp:attachment":[{"href":"https:\/\/hospitaldechillan.cl\/web\/wp-json\/wp\/v2\/media?parent=12457"}],"wp:term":[{"taxonomy":"category","embeddable":true,"href":"https:\/\/hospitaldechillan.cl\/web\/wp-json\/wp\/v2\/categories?post=12457"},{"taxonomy":"post_tag","embeddable":true,"href":"https:\/\/hospitaldechillan.cl\/web\/wp-json\/wp\/v2\/tags?post=12457"}],"curies":[{"name":"wp","href":"https:\/\/api.w.org\/{rel}","templated":true}]}}