{"id":1203,"date":"2015-05-13T15:49:04","date_gmt":"2015-05-13T19:49:04","guid":{"rendered":"http:\/\/hospitaldechillan.cl\/web\/?p=1203"},"modified":"2015-05-18T15:52:15","modified_gmt":"2015-05-18T19:52:15","slug":"especialistas-de-todo-el-pais-se-reunieron-en-primeras-jornadas-sobre-rehabilitacion-de-pacientes-criticos-kinesiologicos","status":"publish","type":"post","link":"https:\/\/hospitaldechillan.cl\/web\/especialistas-de-todo-el-pais-se-reunieron-en-primeras-jornadas-sobre-rehabilitacion-de-pacientes-criticos-kinesiologicos\/","title":{"rendered":"Especialistas de todo el pa\u00eds se reunieron en primeras jornadas sobre rehabilitaci\u00f3n de pacientes cr\u00edticos kinesiol\u00f3gicos"},"content":{"rendered":"<p>Como un completo \u00e9xito, calificaron los organizadores la \u201cPrimera Jornada de Terapia Respiratoria en el Paciente Cr\u00edtico de \u00d1uble\u201d, actividad de difusi\u00f3n cient\u00edfica planificada por el equipo de kinesi\u00f3logos del Hospital Cl\u00ednico Herminda Mart\u00edn de Chill\u00e1n (HCHM), que tuvo como prop\u00f3sito actualizar conocimientos y reunir a destacados especialistas del \u00e1rea. <\/p>\n<p>M\u00e9dicos, kinesi\u00f3logos, enfermeras entre otros profesionales del \u00e1rea de la salud, participaron de esta actividad que se desarroll\u00f3 en el auditorio del HCHM, abordando temas relacionados con el manejo de la ventilaci\u00f3n mec\u00e1nica, t\u00e9cnicas para personas con distres respiratorio o traslado de pacientes cr\u00edticos mediante transporte a\u00e9reo, entre otros. <\/p>\n<p>Seg\u00fan expres\u00f3 uno de los organizadores del evento, Germ\u00e1n Villagr\u00e1n, estas iniciativas buscan afianzar los equipos de trabajo y conocer otras experiencias que permitan aplicar mejores terapias de recuperaci\u00f3n, teniendo en cuenta que lo primordial siempre es el bienestar del paciente.  <\/p>\n<p>\u201cDurante los \u00faltimos cuatro a\u00f1os, en el principal establecimiento hospitalario de \u00d1uble, se han desarrollado muchos avances en las terapias respiratorias tanto en la Unidad de Pacientes Cr\u00edticos Adultos como Pedi\u00e1tricos, por ende los t\u00f3picos que se abordaron en la Jornada fueron relevantes para fortalecer el equipo multidisciplinario que trabaja en la recuperaci\u00f3n de la salud de los usuarios\u201d, expres\u00f3 Villagr\u00e1n.<\/p>\n<p>Por su parte, Daniel Arellano Sep\u00falveda, kinesi\u00f3logo del Hospital Cl\u00ednico de la Universidad de Chile, resalt\u00f3 la organizaci\u00f3n del evento y su importancia, pues \u201cdurante los \u00faltimos a\u00f1os nos hemos preocupado de que la capacitaci\u00f3n en cuidados cr\u00edticos kin\u00e9sicos se descentralice, y en ese aspecto, la Octava Regi\u00f3n ha sido una de las que m\u00e1s ha desarrollado esta \u00e1rea, por eso quedamos muy contentos de que la actividad se haya efectuado en Chill\u00e1n\u201d, asegur\u00f3.  <\/p>\n<p>El especialista, quien se refiri\u00f3 en su ponencia a la \u201cVentilaci\u00f3n mec\u00e1nica protectora y da\u00f1o inducido\u201d, analiz\u00f3 la realidad de los pacientes m\u00e1s cr\u00edticos con s\u00edndrome de distres respiratorio dado que su compromiso pulmonar es muy grande. En ese sentido, agreg\u00f3 que si bien la ventilaci\u00f3n mec\u00e1nica salva vidas, tambi\u00e9n es uno de los factores que m\u00e1s da\u00f1a el pulm\u00f3n, por eso es necesario corroborar peri\u00f3dicamente la evoluci\u00f3n con los par\u00e1metros de la ventilaci\u00f3n.<\/p>\n<p>Por su parte, Alexis Silva, profesional kin\u00e9sico del HCHM, resalt\u00f3 que a trav\u00e9s de los a\u00f1os la kinesiterapia ha realizado aportes considerables en la recuperaci\u00f3n de los pacientes cr\u00edticos, tanto del punto de vista respiratorio as\u00ed como tambi\u00e9n de la rehabilitaci\u00f3n f\u00edsica. <\/p>\n<p>En ese sentido, agreg\u00f3 que est\u00e1 cambiando el concepto de movilizaci\u00f3n precoz de los hospitalizados. \u201cLa disminuci\u00f3n en d\u00edas de hospitalizaci\u00f3n, de requerimiento de ventilaci\u00f3n mec\u00e1nica y de posibles secuelas son los principales aportes que arroja el tratamiento o abordaje de los kinesi\u00f3logos a los usuarios cr\u00edticos, lo que es un beneficio para ellos y tambi\u00e9n para el recinto asistencial donde permanece\u201d. <\/p>\n<p>La terapia kin\u00e9sica tiene en estos casos el objetivo de que las personas egresen con la mejor movilidad posible, y si bien, s\u00f3lo se puede aplicar en personas con condiciones hemodin\u00e1micas y neurol\u00f3gicas favorables, disminuye considerablemente los riesgos de quedar con secuelas que podr\u00edan perdurar hasta cinco a\u00f1os despu\u00e9s del egreso hospitalario. <\/p>\n","protected":false},"excerpt":{"rendered":"<p>En la oportunidad se analizaron temas relacionados con los avances de la kinesiterapia en el apoyo respiratorio as\u00ed como tambi\u00e9n en la recuperaci\u00f3n f\u00edsica de los pacientes.<\/p>\n","protected":false},"author":3,"featured_media":1204,"comment_status":"open","ping_status":"closed","sticky":false,"template":"","format":"standard","meta":{"_acf_changed":false,"_monsterinsights_skip_tracking":false,"_monsterinsights_sitenote_active":false,"_monsterinsights_sitenote_note":"","_monsterinsights_sitenote_category":0,"footnotes":""},"categories":[4],"tags":[],"class_list":["post-1203","post","type-post","status-publish","format-standard","has-post-thumbnail","hentry","category-noticias"],"acf":[],"publishpress_future_action":{"enabled":false,"date":"2026-05-06 10:31:50","action":"change-status","newStatus":"draft","terms":[],"taxonomy":"category","extraData":[]},"publishpress_future_workflow_manual_trigger":{"enabledWorkflows":[]},"_links":{"self":[{"href":"https:\/\/hospitaldechillan.cl\/web\/wp-json\/wp\/v2\/posts\/1203","targetHints":{"allow":["GET"]}}],"collection":[{"href":"https:\/\/hospitaldechillan.cl\/web\/wp-json\/wp\/v2\/posts"}],"about":[{"href":"https:\/\/hospitaldechillan.cl\/web\/wp-json\/wp\/v2\/types\/post"}],"author":[{"embeddable":true,"href":"https:\/\/hospitaldechillan.cl\/web\/wp-json\/wp\/v2\/users\/3"}],"replies":[{"embeddable":true,"href":"https:\/\/hospitaldechillan.cl\/web\/wp-json\/wp\/v2\/comments?post=1203"}],"version-history":[{"count":0,"href":"https:\/\/hospitaldechillan.cl\/web\/wp-json\/wp\/v2\/posts\/1203\/revisions"}],"wp:featuredmedia":[{"embeddable":true,"href":"https:\/\/hospitaldechillan.cl\/web\/wp-json\/wp\/v2\/media\/1204"}],"wp:attachment":[{"href":"https:\/\/hospitaldechillan.cl\/web\/wp-json\/wp\/v2\/media?parent=1203"}],"wp:term":[{"taxonomy":"category","embeddable":true,"href":"https:\/\/hospitaldechillan.cl\/web\/wp-json\/wp\/v2\/categories?post=1203"},{"taxonomy":"post_tag","embeddable":true,"href":"https:\/\/hospitaldechillan.cl\/web\/wp-json\/wp\/v2\/tags?post=1203"}],"curies":[{"name":"wp","href":"https:\/\/api.w.org\/{rel}","templated":true}]}}