{"id":11983,"date":"2024-06-24T13:16:23","date_gmt":"2024-06-24T17:16:23","guid":{"rendered":"https:\/\/hospitaldechillan.cl\/web\/?p=11983"},"modified":"2024-06-24T13:16:23","modified_gmt":"2024-06-24T17:16:23","slug":"hospital-de-chillan-entrega-recomendaciones-ante-la-humedad-y-bajas-temperaturas","status":"publish","type":"post","link":"https:\/\/hospitaldechillan.cl\/web\/hospital-de-chillan-entrega-recomendaciones-ante-la-humedad-y-bajas-temperaturas\/","title":{"rendered":"Hospital de Chill\u00e1n entrega recomendaciones ante la humedad y bajas temperaturas"},"content":{"rendered":"<p>La combinaci\u00f3n de humedad como consecuencia de las intensas lluvias que afectaron a la Regi\u00f3n de \u00d1uble con las bajas temperaturas pronosticadas para estos d\u00edas, configura un escenario propicio para contraer enfermedades respiratorias o complicar estos cuadros de salud, por lo que las autoridades sanitarias llaman a extremar las medidas de prevenci\u00f3n y el cuidado de las personas m\u00e1s vulnerables.<\/p>\n<p>Aunque el fr\u00edo, en s\u00ed mismo, no es causante de las afecciones respiratorias, lo que ocurre es que los mecanismos de defensa de la nariz y boca est\u00e1n m\u00e1s vulnerables, favoreciendo que un virus tenga la oportunidad de colonizar en nuestro cuerpo.<\/p>\n<p>La directora del Hospital Herminda Mart\u00edn, Luz Mar\u00eda Mor\u00e1n, explica que \u201ca ra\u00edz de las temperaturas m\u00e1s bajas se produce una cierta paralizaci\u00f3n de los cilios que est\u00e1n en la mucosa respiratoria, lo que lleva a que el virus tenga m\u00e1s facilidad para entrar y eso provoca que nos enfermemos\u201d. \u00a0Adem\u00e1s, con este fr\u00edo propiciamos estar en espacios cerrados y poco ventilados, lo que genera una mayor concentraci\u00f3n de virus.<br \/>\n<strong>\u00a0<\/strong>\u201cLa ventilaci\u00f3n es fundamental porque la concentraci\u00f3n de part\u00edculas de los virus causantes de enfermedades respiratorias u otros agentes contaminantes en el aire que las agravan ser\u00e1 m\u00e1s baja y saldr\u00e1n m\u00e1s r\u00e1pido de la casa que con una mala aireaci\u00f3n\u201d, explic\u00f3 la directora.<\/p>\n<p><strong>\u00a0<\/strong>En esa l\u00ednea, la especialista acot\u00f3 que es \u201cimportante ventilar la casa e ir haci\u00e9ndolo por habitaciones, al menos 10 minutos cada 1 hora, abriendo ventanas y cuidando de exponer al fr\u00edo a personas vulnerables como lactantes, ni\u00f1os y ni\u00f1as menores de dos a\u00f1os o personas mayores de 65 a\u00f1os. Con ellos tambi\u00e9n debemos tener la precauci\u00f3n de llevarlos a lugares con aglomeraciones y, sobre todo, evitar que tengan contacto con personas con s\u00edntomas respiratorios, como tos o estornudos\u201d.<\/p>\n<p>La recomendaci\u00f3n es ventilar en el per\u00edodo m\u00e1s c\u00e1lido del d\u00eda, hacia el mediod\u00eda generalmente y tener en cuenta que mientras m\u00e1s personas vivan en una casa, la ventilaci\u00f3n es esencial e idealmente debe ser m\u00e1s frecuente.<\/p>\n","protected":false},"excerpt":{"rendered":"<p>Ventilar los espacios cerrados es una de las principales medidas, para disminuir la presencia de virus respiratorios en el ambiente hogare\u00f1o y por supuesto, no exponer a las personas m\u00e1s vulnerables al fr\u00edo y la humedad.  <\/p>\n","protected":false},"author":3,"featured_media":11984,"comment_status":"open","ping_status":"closed","sticky":false,"template":"","format":"standard","meta":{"_acf_changed":false,"_monsterinsights_skip_tracking":false,"_monsterinsights_sitenote_active":false,"_monsterinsights_sitenote_note":"","_monsterinsights_sitenote_category":0,"footnotes":""},"categories":[4],"tags":[],"class_list":["post-11983","post","type-post","status-publish","format-standard","has-post-thumbnail","hentry","category-noticias"],"acf":[],"publishpress_future_action":{"enabled":false,"date":"2026-05-03 10:21:12","action":"change-status","newStatus":"draft","terms":[],"taxonomy":"category","extraData":[]},"publishpress_future_workflow_manual_trigger":{"enabledWorkflows":[]},"_links":{"self":[{"href":"https:\/\/hospitaldechillan.cl\/web\/wp-json\/wp\/v2\/posts\/11983","targetHints":{"allow":["GET"]}}],"collection":[{"href":"https:\/\/hospitaldechillan.cl\/web\/wp-json\/wp\/v2\/posts"}],"about":[{"href":"https:\/\/hospitaldechillan.cl\/web\/wp-json\/wp\/v2\/types\/post"}],"author":[{"embeddable":true,"href":"https:\/\/hospitaldechillan.cl\/web\/wp-json\/wp\/v2\/users\/3"}],"replies":[{"embeddable":true,"href":"https:\/\/hospitaldechillan.cl\/web\/wp-json\/wp\/v2\/comments?post=11983"}],"version-history":[{"count":0,"href":"https:\/\/hospitaldechillan.cl\/web\/wp-json\/wp\/v2\/posts\/11983\/revisions"}],"wp:featuredmedia":[{"embeddable":true,"href":"https:\/\/hospitaldechillan.cl\/web\/wp-json\/wp\/v2\/media\/11984"}],"wp:attachment":[{"href":"https:\/\/hospitaldechillan.cl\/web\/wp-json\/wp\/v2\/media?parent=11983"}],"wp:term":[{"taxonomy":"category","embeddable":true,"href":"https:\/\/hospitaldechillan.cl\/web\/wp-json\/wp\/v2\/categories?post=11983"},{"taxonomy":"post_tag","embeddable":true,"href":"https:\/\/hospitaldechillan.cl\/web\/wp-json\/wp\/v2\/tags?post=11983"}],"curies":[{"name":"wp","href":"https:\/\/api.w.org\/{rel}","templated":true}]}}