{"id":11975,"date":"2024-06-14T12:12:48","date_gmt":"2024-06-14T16:12:48","guid":{"rendered":"https:\/\/hospitaldechillan.cl\/web\/?p=11975"},"modified":"2024-06-14T12:12:48","modified_gmt":"2024-06-14T16:12:48","slug":"hospital-de-chillan-aumento-cupos-de-hospitalizacion-domiciliaria-en-el-marco-de-la-campana-de-invierno","status":"publish","type":"post","link":"https:\/\/hospitaldechillan.cl\/web\/hospital-de-chillan-aumento-cupos-de-hospitalizacion-domiciliaria-en-el-marco-de-la-campana-de-invierno\/","title":{"rendered":"Hospital de Chill\u00e1n aument\u00f3 cupos de Hospitalizaci\u00f3n Domiciliaria en el marco de la campa\u00f1a de invierno"},"content":{"rendered":"<p><strong>Graciela Aguilera<\/strong>, fue una de las m\u00e1s de mil <strong>usuarias<\/strong> que este a\u00f1o ingres\u00f3 a la <strong>Unidad de Hospitalizaci\u00f3n Domiciliaria (UHD), <\/strong>tras acudir al <strong>Hospital Cl\u00ednico Herminda Mart\u00edn (HCHM)<\/strong><strong>,<\/strong> por una insuficiencia card\u00edaca y angina inestable. Su condici\u00f3n de salud, imposibilitaba la toma de ex\u00e1menes especializados en ese momento, lo que motiv\u00f3 su incorporaci\u00f3n a esta modalidad, que permiti\u00f3 el monitoreo diario con los equipos cl\u00ednicos, que durante dos semanas la visitaron\u00a0 hasta su traslado al <strong>Hospital Las Higueras de Talcahuano<\/strong> donde se someti\u00f3 a una coronariograf\u00eda.<\/p>\n<p>Graciela Aguilera explic\u00f3 que esta es la segunda vez que accede a atenciones bajo este tipo de modalidad, lo cual \u201cme parece que es mucho mejor, pues uno est\u00e1 en su casa, en mi caso, junto a mi esposo y mi nieto, por lo que me sent\u00ed m\u00e1s acompa\u00f1ada y ayud\u00f3 un mont\u00f3n en mi recuperaci\u00f3n. Para m\u00ed, los mejores cuidados siempre est\u00e1n en el hogar, por eso me gusta poder acceder a esta opci\u00f3n ya que ellos entregan una atenci\u00f3n muy buena y cercana\u201d, expres\u00f3 tras recibir el alta m\u00e9dica del servicio hospitalario.<\/p>\n<p><strong>El Dr. Nicol\u00e1s Pe\u00f1a, Director (s) del HCHM<\/strong> sostuvo que \u201ccada a\u00f1o, esta Unidad incorpora cupos adicionales, para apoyar la alta demanda de casos respiratorios que se generan en el per\u00edodo invernal. Sin embargo, este 2024 la ampliaci\u00f3n fue a\u00fan m\u00e1s grande, porque desde finales de 2023 somos un servicio que contribuye en agilizar el tiempo de hospitalizaci\u00f3n de las y los usuarios luego de una consulta en la Unidad de Emergencia, resolviendo patolog\u00edas de mediana y baja complejidad como pueden ser las infecciones respiratorias compensadas, enfermedades urinarias, por mencionar algunas\u201d.<\/p>\n<p>En el marco de la campa\u00f1a de invierno, durante mayo hubo un aument\u00f3 en la capacidad de atenci\u00f3n de 60 a 90 cupos diarios. Esto se refleja en la incorporaci\u00f3n de tres nuevos equipos de enfermer\u00eda adem\u00e1s de 44 horas de m\u00e9dico. A esto se suma la Unidad de Rehabilitaci\u00f3n Domiciliaria \u2013quienes prestan servicio de kinesiolog\u00eda motora y respiratoria-, quienes tambi\u00e9n incorporaron nuevos profesionales, kinesi\u00f3logos y fonoaudi\u00f3loga, para apoyar en las terapias que los pacientes requieran.<\/p>\n<p>De acuerdo con <strong>Darwin D\u00edaz, enfermero supervisor de la UHD<\/strong>, \u201cen este per\u00edodo aumentan las consultas respiratorias y principalmente las neumon\u00edas por influenza con sobreinfecci\u00f3n bacteriana, las que en promedio tienen una estada 8, 6 d\u00edas. En estos casos, lo que nosotros hacemos es visita de m\u00e9dico y enfermeros de forma diaria y tambi\u00e9n visita de kinesi\u00f3logo hasta 2 veces en el d\u00eda\u201d.<\/p>\n<p>En abril, los equipos de hospitalizaci\u00f3n domiciliaria atendieron a 204 personas, de las cuales 78 fueron por causa respiratoria. Mientras que en mayo, mes del aumento de cupos, el total de personas atendidas fue de 233. \u00a0Es preciso destacar que durante todo el 2023, unas 1937 fueron atendidas bajo la modalidad de hospitalizaci\u00f3n domiciliaria.<\/p>\n<p>&nbsp;<\/p>\n<p><strong>\u00a0<\/strong><\/p>\n","protected":false},"excerpt":{"rendered":"<p>Es la segunda dependencia m\u00e1s grande del Establecimiento, aunque se diferencia de todo el resto porque las usuarias y usuarios est\u00e1n hospitalizados en su hogar. <\/p>\n","protected":false},"author":3,"featured_media":11976,"comment_status":"open","ping_status":"closed","sticky":false,"template":"","format":"standard","meta":{"_acf_changed":false,"_monsterinsights_skip_tracking":false,"_monsterinsights_sitenote_active":false,"_monsterinsights_sitenote_note":"","_monsterinsights_sitenote_category":0,"footnotes":""},"categories":[4],"tags":[],"class_list":["post-11975","post","type-post","status-publish","format-standard","has-post-thumbnail","hentry","category-noticias"],"acf":[],"publishpress_future_action":{"enabled":false,"date":"2026-05-08 14:39:42","action":"change-status","newStatus":"draft","terms":[],"taxonomy":"category","extraData":[]},"publishpress_future_workflow_manual_trigger":{"enabledWorkflows":[]},"_links":{"self":[{"href":"https:\/\/hospitaldechillan.cl\/web\/wp-json\/wp\/v2\/posts\/11975","targetHints":{"allow":["GET"]}}],"collection":[{"href":"https:\/\/hospitaldechillan.cl\/web\/wp-json\/wp\/v2\/posts"}],"about":[{"href":"https:\/\/hospitaldechillan.cl\/web\/wp-json\/wp\/v2\/types\/post"}],"author":[{"embeddable":true,"href":"https:\/\/hospitaldechillan.cl\/web\/wp-json\/wp\/v2\/users\/3"}],"replies":[{"embeddable":true,"href":"https:\/\/hospitaldechillan.cl\/web\/wp-json\/wp\/v2\/comments?post=11975"}],"version-history":[{"count":0,"href":"https:\/\/hospitaldechillan.cl\/web\/wp-json\/wp\/v2\/posts\/11975\/revisions"}],"wp:featuredmedia":[{"embeddable":true,"href":"https:\/\/hospitaldechillan.cl\/web\/wp-json\/wp\/v2\/media\/11976"}],"wp:attachment":[{"href":"https:\/\/hospitaldechillan.cl\/web\/wp-json\/wp\/v2\/media?parent=11975"}],"wp:term":[{"taxonomy":"category","embeddable":true,"href":"https:\/\/hospitaldechillan.cl\/web\/wp-json\/wp\/v2\/categories?post=11975"},{"taxonomy":"post_tag","embeddable":true,"href":"https:\/\/hospitaldechillan.cl\/web\/wp-json\/wp\/v2\/tags?post=11975"}],"curies":[{"name":"wp","href":"https:\/\/api.w.org\/{rel}","templated":true}]}}