{"id":11898,"date":"2024-05-08T09:24:09","date_gmt":"2024-05-08T13:24:09","guid":{"rendered":"https:\/\/hospitaldechillan.cl\/web\/?p=11898"},"modified":"2024-05-09T09:27:29","modified_gmt":"2024-05-09T13:27:29","slug":"como-cuidarnos-y-detectar-oportunamente-el-asma","status":"publish","type":"post","link":"https:\/\/hospitaldechillan.cl\/web\/como-cuidarnos-y-detectar-oportunamente-el-asma\/","title":{"rendered":"\u00bfC\u00f3mo cuidarnos y detectar oportunamente el asma?"},"content":{"rendered":"<p>En el marco del <strong>D\u00eda Mundial del Asma, desde el Servicio de Salud \u00d1uble (SS\u00d1),<\/strong> reforzaron el llamado al autocuidado frente a esta patolog\u00eda que afecta principalmente a ni\u00f1os y ni\u00f1as. Una enfermedad cr\u00f3nica que no tiene cura, pero s\u00ed tratamiento, el cual est\u00e1 cubierto por el Sistema de Garant\u00edas Expl\u00edcitas en Salud (GES).<br \/>\n\u201cDe acuerdo a la informaci\u00f3n entregada por el Sistema GES, durante el a\u00f1o 2023 en nuestra regi\u00f3n, se diagnosticaron con asma bronquial a 1369 menores de 15 a\u00f1os y a 1272 personas sobre esta edad; una cifra significativa que nos insta como instituci\u00f3n a reforzar las medidas de prevenci\u00f3n, as\u00ed como el llamado a consultar oportunamente y mantener los controles de salud al d\u00eda\u201d, destac\u00f3 la <strong>Directora del Servicio de Salud \u00d1uble, Elizabeth Abarca Trivi\u00f1o<\/strong>.<\/p>\n<p>En la temporada de invierno, debido al fr\u00edo y al uso de m\u00e9todos para combatirlo como la le\u00f1a o el humo, aumentan las infecciones respiratorias virales y las crisis de enfermedades respiratorias cr\u00f3nicas como el asma o la enfermedad pulmonar obstructiva cr\u00f3nica.<br \/>\nS\u00edntomas y prevenci\u00f3n<\/p>\n<p>Frente a las medidas de prevenci\u00f3n de esta patolog\u00eda, el <strong>M\u00e9dico Broncopulmonar del Hospital Cl\u00ednico Herminda Mart\u00edn, Dr. Pablo Navarrete Contreras,<\/strong> indic\u00f3: \u201cPodemos evitar la aparici\u00f3n de esta enfermedad cr\u00f3nica y sus exacerbaciones evitando fumar cigarrillos, el humo de carb\u00f3n o le\u00f1a, sobre todo si somos al\u00e9rgicos al pelo de animales, la caspa y, por supuesto, los lugares con extrema humedad. Ventilar los espacios que habitamos a diario y lavar frecuentemente nuestras manos; son pr\u00e1cticas que resultan totalmente efectivas\u201d, asegur\u00f3.<\/p>\n<p>En relaci\u00f3n con los s\u00edntomas, el especialista agreg\u00f3 que, \u201cel silbido o la sibilancia del pecho principalmente en la noche, tos o tos con esfuerzo y dificultad respiratoria que va en aumento, son los principales signos de asma que podemos identificar en nuestro organismo\u201d.<\/p>\n<p>Si tenemos sospecha y los s\u00edntomas respiratorios van en aumento, especialmente en reposo y sin actividad, debe acudir al servicio de urgencia; en caso de no poder trasladarse, llamar a salud Responde al 600 360 7777, donde lo orientar\u00e1n o guiar\u00e1n sobre c\u00f3mo proceder.<\/p>\n","protected":false},"excerpt":{"rendered":"<p>Con la llegada del invierno y las bajas temperaturas aumenta la aparici\u00f3n y cuadros de gravedad de enfermedades respiratorias cr\u00f3nicas, estas se pueden evitar con h\u00e1bitos b\u00e1sicos de autocuidado.<\/p>\n","protected":false},"author":3,"featured_media":11899,"comment_status":"open","ping_status":"closed","sticky":false,"template":"","format":"standard","meta":{"_acf_changed":false,"_monsterinsights_skip_tracking":false,"_monsterinsights_sitenote_active":false,"_monsterinsights_sitenote_note":"","_monsterinsights_sitenote_category":0,"footnotes":""},"categories":[4],"tags":[],"class_list":["post-11898","post","type-post","status-publish","format-standard","has-post-thumbnail","hentry","category-noticias"],"acf":[],"publishpress_future_action":{"enabled":false,"date":"2026-05-08 18:43:39","action":"change-status","newStatus":"draft","terms":[],"taxonomy":"category","extraData":[]},"publishpress_future_workflow_manual_trigger":{"enabledWorkflows":[]},"_links":{"self":[{"href":"https:\/\/hospitaldechillan.cl\/web\/wp-json\/wp\/v2\/posts\/11898","targetHints":{"allow":["GET"]}}],"collection":[{"href":"https:\/\/hospitaldechillan.cl\/web\/wp-json\/wp\/v2\/posts"}],"about":[{"href":"https:\/\/hospitaldechillan.cl\/web\/wp-json\/wp\/v2\/types\/post"}],"author":[{"embeddable":true,"href":"https:\/\/hospitaldechillan.cl\/web\/wp-json\/wp\/v2\/users\/3"}],"replies":[{"embeddable":true,"href":"https:\/\/hospitaldechillan.cl\/web\/wp-json\/wp\/v2\/comments?post=11898"}],"version-history":[{"count":0,"href":"https:\/\/hospitaldechillan.cl\/web\/wp-json\/wp\/v2\/posts\/11898\/revisions"}],"wp:featuredmedia":[{"embeddable":true,"href":"https:\/\/hospitaldechillan.cl\/web\/wp-json\/wp\/v2\/media\/11899"}],"wp:attachment":[{"href":"https:\/\/hospitaldechillan.cl\/web\/wp-json\/wp\/v2\/media?parent=11898"}],"wp:term":[{"taxonomy":"category","embeddable":true,"href":"https:\/\/hospitaldechillan.cl\/web\/wp-json\/wp\/v2\/categories?post=11898"},{"taxonomy":"post_tag","embeddable":true,"href":"https:\/\/hospitaldechillan.cl\/web\/wp-json\/wp\/v2\/tags?post=11898"}],"curies":[{"name":"wp","href":"https:\/\/api.w.org\/{rel}","templated":true}]}}