{"id":1182,"date":"2015-05-06T07:47:52","date_gmt":"2015-05-06T11:47:52","guid":{"rendered":"http:\/\/hospitaldechillan.cl\/web\/?p=1182"},"modified":"2015-05-07T09:11:12","modified_gmt":"2015-05-07T13:11:12","slug":"hospital-de-chillan-compartio-con-la-comunidad-detalles-de-la-gestion-2014","status":"publish","type":"post","link":"https:\/\/hospitaldechillan.cl\/web\/hospital-de-chillan-compartio-con-la-comunidad-detalles-de-la-gestion-2014\/","title":{"rendered":"Hospital de Chill\u00e1n comparti\u00f3 con la comunidad detalles de la gesti\u00f3n 2014"},"content":{"rendered":"<p>Con un llamado a participar de la construcci\u00f3n de una salud m\u00e1s cercana y acogedora, y resaltando desaf\u00edos inmediatos como el desarrollo de la telemedicina, la formaci\u00f3n de nuevos especialistas en \u00e1reas como anestesia, pediatr\u00eda, psiquiatr\u00eda y cirug\u00eda adultos, as\u00ed como el constante compromiso para disminuir las listas de espera, fueron algunas de las tem\u00e1ticas, con las que el Director del Hospital Cl\u00ednico Herminda Mart\u00edn de Chill\u00e1n, concluy\u00f3 la Cuenta P\u00fablica de la gesti\u00f3n 2014.<\/p>\n<p>La actividad, que se desarroll\u00f3 en el Auditorio del Centro Asistencial, abord\u00f3 tambi\u00e9n aspectos relacionados con la producci\u00f3n asistencial, la gesti\u00f3n de las personas, satisfacci\u00f3n usuaria y el balance financiero, entregando una completa revisi\u00f3n sobre el quehacer del principal centro asistencial de la Provincia de \u00d1uble.<\/p>\n<p>En la oportunidad, la autoridad coment\u00f3 importantes logros como la puesta en marcha de la Torre hospitalaria, que permiti\u00f3 dotar de mejor infraestructura para la hospitalizaci\u00f3n de pacientes cr\u00edticos neonatales, pedi\u00e1tricos y adultos; o la Acreditaci\u00f3n en Calidad, otorgada por la Superintendencia de Salud, con uno de los m\u00e1s altos puntajes a nivel nacional, certificaci\u00f3n que asegura un est\u00e1ndar m\u00ednimo en los procedimientos m\u00e1s complejos que realiza el Establecimiento.<\/p>\n<p><a href=\"https:\/\/hospitaldechillan.cl\/web\/wp-content_Hos\/uploads\/2015\/05\/web1.jpg\"><img loading=\"lazy\" decoding=\"async\" src=\"https:\/\/hospitaldechillan.cl\/web\/wp-content_Hos\/uploads\/2015\/05\/web1-640x360.jpg\" alt=\"web\" width=\"640\" height=\"360\" class=\"alignnone size-medium wp-image-1189\" srcset=\"https:\/\/hospitaldechillan.cl\/web\/wp-content\/uploads\/2015\/05\/web1-640x360.jpg 640w, https:\/\/hospitaldechillan.cl\/web\/wp-content\/uploads\/2015\/05\/web1-1200x675.jpg 1200w, https:\/\/hospitaldechillan.cl\/web\/wp-content\/uploads\/2015\/05\/web1.jpg 1600w\" sizes=\"auto, (max-width: 640px) 100vw, 640px\" \/><\/a><\/p>\n<p>\u201cEl 2014 fue un a\u00f1o de grandes avances, lo que se refleja en cifras como los 21.057 egresos Hospitalarios, las 13.590 cirug\u00edas mayores, las 294.978 atenciones electivas y un mill\u00f3n 484 mil ex\u00e1menes, datos que dan cuenta del trabajo cl\u00ednico y administrativo de los m\u00e1s de 2 mil funcionarios que actualmente componen la gran familia hospitalaria, quienes contribuyen al constante quehacer del establecimiento asistencial, cuyo objetivo es entregar soluciones a los problemas de salud de la comunidad\u201d, precis\u00f3 el Dr. Rodrigo Avenda\u00f1o.<\/p>\n<p>Junto con destacar el trabajo asistencial, el Director se refiri\u00f3 al balance financiero y la disminuci\u00f3n en casi un 50% de los reclamos recibidos en este per\u00edodo (540 solicitudes), una baja considerable que se condice con la evaluaci\u00f3n de satisfacci\u00f3n usuaria a cargo de la Escuela de Salud P\u00fablica de la Universidad de Chile, que arroj\u00f3 como resultado una nota 6,6 en una escala de 1 a 7.<\/p>\n","protected":false},"excerpt":{"rendered":"<p>El Plan de Mejoramiento Integral de la Unidad de Emergencia, la puesta en marcha de la Torre, la Acreditaci\u00f3n en Calidad y el incremento de las atenciones ambulatorias y hospitalizaciones, fueron parte de los temas informados en la Cuenta P\u00fablica <\/p>\n","protected":false},"author":3,"featured_media":1188,"comment_status":"open","ping_status":"closed","sticky":false,"template":"","format":"standard","meta":{"_acf_changed":false,"_monsterinsights_skip_tracking":false,"_monsterinsights_sitenote_active":false,"_monsterinsights_sitenote_note":"","_monsterinsights_sitenote_category":0,"footnotes":""},"categories":[4],"tags":[],"class_list":["post-1182","post","type-post","status-publish","format-standard","has-post-thumbnail","hentry","category-noticias"],"acf":[],"publishpress_future_action":{"enabled":false,"date":"2026-05-06 10:34:27","action":"change-status","newStatus":"draft","terms":[],"taxonomy":"category","extraData":[]},"publishpress_future_workflow_manual_trigger":{"enabledWorkflows":[]},"_links":{"self":[{"href":"https:\/\/hospitaldechillan.cl\/web\/wp-json\/wp\/v2\/posts\/1182","targetHints":{"allow":["GET"]}}],"collection":[{"href":"https:\/\/hospitaldechillan.cl\/web\/wp-json\/wp\/v2\/posts"}],"about":[{"href":"https:\/\/hospitaldechillan.cl\/web\/wp-json\/wp\/v2\/types\/post"}],"author":[{"embeddable":true,"href":"https:\/\/hospitaldechillan.cl\/web\/wp-json\/wp\/v2\/users\/3"}],"replies":[{"embeddable":true,"href":"https:\/\/hospitaldechillan.cl\/web\/wp-json\/wp\/v2\/comments?post=1182"}],"version-history":[{"count":0,"href":"https:\/\/hospitaldechillan.cl\/web\/wp-json\/wp\/v2\/posts\/1182\/revisions"}],"wp:featuredmedia":[{"embeddable":true,"href":"https:\/\/hospitaldechillan.cl\/web\/wp-json\/wp\/v2\/media\/1188"}],"wp:attachment":[{"href":"https:\/\/hospitaldechillan.cl\/web\/wp-json\/wp\/v2\/media?parent=1182"}],"wp:term":[{"taxonomy":"category","embeddable":true,"href":"https:\/\/hospitaldechillan.cl\/web\/wp-json\/wp\/v2\/categories?post=1182"},{"taxonomy":"post_tag","embeddable":true,"href":"https:\/\/hospitaldechillan.cl\/web\/wp-json\/wp\/v2\/tags?post=1182"}],"curies":[{"name":"wp","href":"https:\/\/api.w.org\/{rel}","templated":true}]}}