{"id":11735,"date":"2024-03-01T15:32:52","date_gmt":"2024-03-01T19:32:52","guid":{"rendered":"https:\/\/hospitaldechillan.cl\/web\/?p=11735"},"modified":"2024-03-01T15:33:09","modified_gmt":"2024-03-01T19:33:09","slug":"dia-de-la-cero-discriminacion-una-fecha-que-releva-el-derecho-de-todas-las-personas-de-recibir-un-trato-digno-y-respetuoso","status":"publish","type":"post","link":"https:\/\/hospitaldechillan.cl\/web\/dia-de-la-cero-discriminacion-una-fecha-que-releva-el-derecho-de-todas-las-personas-de-recibir-un-trato-digno-y-respetuoso\/","title":{"rendered":"D\u00eda de la Cero Discriminaci\u00f3n: una fecha que releva el derecho de todas las personas de recibir un trato digno y respetuoso"},"content":{"rendered":"<p>Establecido con el objetivo de promover la igualdad y equidad para todas las personas, independientemente del g\u00e9nero, la edad, la sexualidad, el origen \u00e9tnico o el estado serol\u00f3gico respecto al VIH, este 1 de marzo, se conmemora el D\u00eda de la Cero discriminaci\u00f3n, instaurado por ONU SIDA. La fecha, busca relevar la importancia de la protecci\u00f3n de los Derechos Humanos como v\u00eda para proteger la salud de toda persona.<\/p>\n<p>En ese contexto, desde el Servicio de Salud \u00d1uble se refuerza el llamado a avanzar en esta l\u00ednea, destacando las diversas estrategias implementadas que contribuyen a la construcci\u00f3n de una salud inclusiva y sin discriminaci\u00f3n para todas y todos.<\/p>\n<p>Al respecto, la <strong>Directora del Servicio de Salud \u00d1uble (SS\u00d1), Elizabeth Abarca Trivi\u00f1o<\/strong>, se\u00f1al\u00f3 que \u201ccomo instituci\u00f3n estamos comprometidos y alineados con el Ministerio de Salud para garantizar que los habitantes de la Regi\u00f3n tengan acceso a una atenci\u00f3n en salud digna, oportuna y de calidad en todos los niveles, asegurando el respeto a los Derechos Humanos de todas y todos. Esta conmemoraci\u00f3n, promovida por ONUSIDA desde hace 10 a\u00f1os, nos permite destacar el trabajo desarrollado en esta materia y visibilizar la importancia de la promoci\u00f3n y prevenci\u00f3n en el cuidado de la salud de la comunidad\u201d.<\/p>\n<p>\u201cHoy, ratificamos que la tarea es ser parte de las distintas iniciativas para seguir avanzando en la no discriminaci\u00f3n en la salud p\u00fablica, no solo en lo relacionados con el VIH, sino que tambi\u00e9n en materia de nacionalidad, sexo, edad, origen \u00e9tnico, orientaci\u00f3n sexual y religi\u00f3n. Un d\u00eda en el que reforzamos nuestro compromiso, al igual que lo hacemos durante diciembre, de avanzar en igualdad para ceder a las prestaciones, promoviendo la detecci\u00f3n y el tratamiento oportuno de VIH\u201d, precis\u00f3 la directiva.<\/p>\n<p><strong>Policl\u00ednico de VIH: atenci\u00f3n digna y oportuna<\/strong><\/p>\n<p><strong>\u00a0<\/strong>Durante el a\u00f1o 2023, 44 usuarios y usuarias fueron diagnosticados e ingresados al Policl\u00ednico de VIH del Hospital Cl\u00ednico Herminda Mart\u00edn, alcanzando un total de 647 personas que actualmente se encuentran en control en dicho dispositivo, de las cuales 124 son mujeres y 523 hombres.<\/p>\n<p>La <strong>Dra. Fabiola Fern\u00e1ndez Quezada, inmun\u00f3loga y Jefa del Policl\u00ednico de VIH del Hospital de Chill\u00e1n<\/strong>, precis\u00f3 que, \u201ca trav\u00e9s de nuestro servicio, proporcionamos atenciones multidisciplinarias, que buscan que cada uno de nuestros usuarios y usuarias reciba tratamiento, antirretroviral o triterapia, de forma oportuna y as\u00ed logren el objetivo terap\u00e9utico de estar indetectables, lo que resulta en una menor mobimortalidad y una mejor calidad de vida, siendo adem\u00e1s una efectiva forma de prevenci\u00f3n\u201d.<\/p>\n<p>\u201cEs importante que la comunidad se realice pruebas regularmente, al menos una vez al a\u00f1o, ya que permite optar a un diagn\u00f3stico precoz y no en etapas m\u00e1s avanzadas de la enfermedad, brindando beneficios no solo para el paciente, sino que tambi\u00e9n para su entorno. El llamado a la ciudadan\u00eda es a realizarse el examen o recurrir al test r\u00e1pido que se encuentra disponible en toda la red asistencial\u201d, enfatiz\u00f3 la especialista.<\/p>\n<p>Una fecha que nos invita a recordar que el estigma y la discriminaci\u00f3n obstaculizan la prevenci\u00f3n, las pruebas, el tratamiento y la atenci\u00f3n del VIH, y frenan los avances hacia su erradicaci\u00f3n.<\/p>\n<p>El VIH\/SIDA est\u00e1 cubierto por el GES, por lo que su tratamiento est\u00e1 asegurado de forma gratuita en los centros asistenciales. En caso de dudas o requerir mayor informaci\u00f3n la comunidad puede comunicarse a Salud Responde al 600 360 7777, al Fono SIDA 800 378 800, as\u00ed como tambi\u00e9n acercarse al centro de salud m\u00e1s cercano.<\/p>\n","protected":false},"excerpt":{"rendered":"<p>Bajo el lema \u201cPara proteger la Salud de todas las personas, hay que proteger los derechos de cada una\u201d se conmemora el d\u00e9cimo aniversario de esta efem\u00e9ride, que permite relevar el compromiso de avanzar hacia una sociedad m\u00e1s inclusiva e igualitaria. <\/p>\n","protected":false},"author":3,"featured_media":11736,"comment_status":"open","ping_status":"closed","sticky":false,"template":"","format":"standard","meta":{"_acf_changed":false,"_monsterinsights_skip_tracking":false,"_monsterinsights_sitenote_active":false,"_monsterinsights_sitenote_note":"","_monsterinsights_sitenote_category":0,"footnotes":""},"categories":[4],"tags":[],"class_list":["post-11735","post","type-post","status-publish","format-standard","has-post-thumbnail","hentry","category-noticias"],"acf":[],"publishpress_future_action":{"enabled":false,"date":"2026-05-08 13:10:24","action":"change-status","newStatus":"draft","terms":[],"taxonomy":"category","extraData":[]},"publishpress_future_workflow_manual_trigger":{"enabledWorkflows":[]},"_links":{"self":[{"href":"https:\/\/hospitaldechillan.cl\/web\/wp-json\/wp\/v2\/posts\/11735","targetHints":{"allow":["GET"]}}],"collection":[{"href":"https:\/\/hospitaldechillan.cl\/web\/wp-json\/wp\/v2\/posts"}],"about":[{"href":"https:\/\/hospitaldechillan.cl\/web\/wp-json\/wp\/v2\/types\/post"}],"author":[{"embeddable":true,"href":"https:\/\/hospitaldechillan.cl\/web\/wp-json\/wp\/v2\/users\/3"}],"replies":[{"embeddable":true,"href":"https:\/\/hospitaldechillan.cl\/web\/wp-json\/wp\/v2\/comments?post=11735"}],"version-history":[{"count":0,"href":"https:\/\/hospitaldechillan.cl\/web\/wp-json\/wp\/v2\/posts\/11735\/revisions"}],"wp:featuredmedia":[{"embeddable":true,"href":"https:\/\/hospitaldechillan.cl\/web\/wp-json\/wp\/v2\/media\/11736"}],"wp:attachment":[{"href":"https:\/\/hospitaldechillan.cl\/web\/wp-json\/wp\/v2\/media?parent=11735"}],"wp:term":[{"taxonomy":"category","embeddable":true,"href":"https:\/\/hospitaldechillan.cl\/web\/wp-json\/wp\/v2\/categories?post=11735"},{"taxonomy":"post_tag","embeddable":true,"href":"https:\/\/hospitaldechillan.cl\/web\/wp-json\/wp\/v2\/tags?post=11735"}],"curies":[{"name":"wp","href":"https:\/\/api.w.org\/{rel}","templated":true}]}}