{"id":1172,"date":"2015-04-27T15:24:02","date_gmt":"2015-04-27T19:24:02","guid":{"rendered":"http:\/\/hospitaldechillan.cl\/web\/?p=1172"},"modified":"2015-04-27T15:24:02","modified_gmt":"2015-04-27T19:24:02","slug":"enfermedades-prevalentes-en-la-provincia-fueron-analizadas-en-xiii-jornada-de-medicina-interna","status":"publish","type":"post","link":"https:\/\/hospitaldechillan.cl\/web\/enfermedades-prevalentes-en-la-provincia-fueron-analizadas-en-xiii-jornada-de-medicina-interna\/","title":{"rendered":"Enfermedades prevalentes en la Provincia fueron analizadas en XIII Jornada de Medicina Interna"},"content":{"rendered":"<p>Con el objetivo de revisar y difundir los avances m\u00e9dicos en torno a las patolog\u00edas prevalentes existentes en la Provincia, se desarroll\u00f3 la d\u00e9cimo tercera versi\u00f3n de las Jornadas de Medicina Interna, con la participaci\u00f3n de diversos especialistas del recinto asistencial as\u00ed como tambi\u00e9n de centros de salud de la Regi\u00f3n del B\u00edo B\u00edo.<\/p>\n<p>La actividad, que fue inaugurada por el Director del Hospital Cl\u00ednico Herminda Mart\u00edn, Dr. Rodrigo Avenda\u00f1o Brandeis, cont\u00f3 con la participaci\u00f3n de m\u00e1s de 120 profesionales de la salud, destacando entre ellos m\u00e9dicos, enfermeros y nutricionistas.<\/p>\n<p>La Dra. Lydia Hern\u00e1ndez S\u00e1nchez, m\u00e9dico jefe del Servicio de Medicina Interna del HCHM, y coordinadora de la actividad destac\u00f3 que \u201c\u00e9sta es una buena instancia para revisar temas interesantes, como lo son las enfermedades de tipo infecciosas y otras patolog\u00edas que cr\u00f3nicas no transmisibles con alta incidencia y prevalencia en la comunidad, por lo que es muy relevante actualizar los conocimientos en torno a ellas, para de esta manera mejorar el cuidado posterior de los pacientes e incidir positivamente en su calidad de vida\u201d.<\/p>\n<p>Uno de los temas tratados en la oportunidad, se centr\u00f3 en la Anemia Refractaria expuesta por el Hemato onc\u00f3logo, Dr. Fernando Chuecas Sald\u00edas. El especialista plante\u00f3 que \u201ccerca de un 20 por ciento de la poblaci\u00f3n puede tener anemia lo que en nuestra Regi\u00f3n equivaldr\u00eda a las 70 mil personas, de los cuales un 20 % puede corresponder a las\u00a0 del tipo refractarias o de dif\u00edcil tratamiento\u201d.<\/p>\n<p>Si bien, la patolog\u00eda puede afectar a la poblaci\u00f3n independiente del g\u00e9nero y grupo et\u00e1reo, es m\u00e1s recurrente en los mayores de 50 a\u00f1os. Seg\u00fan el Dr. Chuecas, uno de los t\u00f3picos importantes es que en la Atenci\u00f3n primaria exista \u201cuna disposici\u00f3n de ex\u00e1menes sobre todos los que dicen relaci\u00f3n con la falta de fierro, puesto que esto puede ayudar mucho, para no derivar pacientes al hospital que pueden ser tratados en la atenci\u00f3n primaria\u201d.<\/p>\n<p>Otro de los t\u00f3picos revisados en la Jornada fue el caso cl\u00ednico sobre el Asma Refractaria, expuesto por la Dra. \u00c1ngela Venegas De la Fuente, internista del HCHM e integrante del equipo Broncopulmonar. \u201cEn el caso de esta patolog\u00eda, el problema est\u00e1 en la definici\u00f3n y en la identificaci\u00f3n de los pacientes, por eso es que invit\u00e9 a los m\u00e9dicos a realizar el estudio de los casos que no responden el tratamiento, para conocer las causas de esto y derivarlos oportunamente\u201d.<\/p>\n<p>Los s\u00edntomas cl\u00ednicos de esta enfermedad son la dificultad para respirar en conjunto con el silbido en el pecho ya sea realizando actividad f\u00edsica o en reposo. <span style=\"text-decoration: underline;\">S<\/span>eg\u00fan la internista, tambi\u00e9n incide en el diagn\u00f3stico, la historia familiar de asma o atop\u00eda en la piel de los pacientes.<\/p>\n<p>Asimismo la Dra. Venegas asegur\u00f3 que lo primordial es que quienes la padecen, deben tener claro que no pueden abandonar el tratamiento ni pasar un d\u00eda sin su inhalador, puesto que \u00e9sta es una enfermedad cr\u00f3nica.<\/p>\n<p>En la oportunidad, tambi\u00e9n se expusieron otros t\u00f3picos como la diarrea por Clostridium Difficille, la Hepatitis por drogas, el rol de la Endoscopia en el manejo del c\u00e1ncer biliopancr\u00e1tico, infecciones frecuentes asociadas al Sida, entre otros.<\/p>\n","protected":false},"excerpt":{"rendered":"<p>La instancia de actualizaci\u00f3n de conocimientos m\u00e9dicos, incluy\u00f3 temas como el Asma refractaria, la epilepsia y la enfermedad por reflujo, entro otros. <\/p>\n","protected":false},"author":3,"featured_media":1173,"comment_status":"open","ping_status":"closed","sticky":false,"template":"","format":"standard","meta":{"_acf_changed":false,"_monsterinsights_skip_tracking":false,"_monsterinsights_sitenote_active":false,"_monsterinsights_sitenote_note":"","_monsterinsights_sitenote_category":0,"footnotes":""},"categories":[4],"tags":[],"class_list":["post-1172","post","type-post","status-publish","format-standard","has-post-thumbnail","hentry","category-noticias"],"acf":[],"publishpress_future_action":{"enabled":false,"date":"2026-05-06 10:31:50","action":"change-status","newStatus":"draft","terms":[],"taxonomy":"category","extraData":[]},"publishpress_future_workflow_manual_trigger":{"enabledWorkflows":[]},"_links":{"self":[{"href":"https:\/\/hospitaldechillan.cl\/web\/wp-json\/wp\/v2\/posts\/1172","targetHints":{"allow":["GET"]}}],"collection":[{"href":"https:\/\/hospitaldechillan.cl\/web\/wp-json\/wp\/v2\/posts"}],"about":[{"href":"https:\/\/hospitaldechillan.cl\/web\/wp-json\/wp\/v2\/types\/post"}],"author":[{"embeddable":true,"href":"https:\/\/hospitaldechillan.cl\/web\/wp-json\/wp\/v2\/users\/3"}],"replies":[{"embeddable":true,"href":"https:\/\/hospitaldechillan.cl\/web\/wp-json\/wp\/v2\/comments?post=1172"}],"version-history":[{"count":0,"href":"https:\/\/hospitaldechillan.cl\/web\/wp-json\/wp\/v2\/posts\/1172\/revisions"}],"wp:featuredmedia":[{"embeddable":true,"href":"https:\/\/hospitaldechillan.cl\/web\/wp-json\/wp\/v2\/media\/1173"}],"wp:attachment":[{"href":"https:\/\/hospitaldechillan.cl\/web\/wp-json\/wp\/v2\/media?parent=1172"}],"wp:term":[{"taxonomy":"category","embeddable":true,"href":"https:\/\/hospitaldechillan.cl\/web\/wp-json\/wp\/v2\/categories?post=1172"},{"taxonomy":"post_tag","embeddable":true,"href":"https:\/\/hospitaldechillan.cl\/web\/wp-json\/wp\/v2\/tags?post=1172"}],"curies":[{"name":"wp","href":"https:\/\/api.w.org\/{rel}","templated":true}]}}