{"id":11478,"date":"2023-12-01T07:48:35","date_gmt":"2023-12-01T11:48:35","guid":{"rendered":"https:\/\/hospitaldechillan.cl\/web\/?p=11478"},"modified":"2023-12-01T07:49:19","modified_gmt":"2023-12-01T11:49:19","slug":"en-nuble-643-personas-con-vih-se-encuentran-bajo-control-en-centros-publicos-de-salud","status":"publish","type":"post","link":"https:\/\/hospitaldechillan.cl\/web\/en-nuble-643-personas-con-vih-se-encuentran-bajo-control-en-centros-publicos-de-salud\/","title":{"rendered":"En \u00d1uble, 643 personas con VIH se encuentran bajo control en centros p\u00fablicos de salud"},"content":{"rendered":"<p>Cada 1 de diciembre, en todo el mundo, se conmemora el D\u00eda Mundial de la Lucha Contra el SIDA como un hito central de la promoci\u00f3n de las medidas de prevenci\u00f3n y del diagn\u00f3stico oportuno. Una fecha que insta a los equipos de salud a reforzar el llamado al autocuidado, destacando que un tratamiento precoz permite un mejor pron\u00f3stico y mantener controlado el virus.<\/p>\n<p>En ese contexto, la Directora del Servicio de Salud \u00d1uble (SS\u00d1), Elizabeth Abarca Trivi\u00f1o, recalc\u00f3 que, \u201cen esta importante conmemoraci\u00f3n queremos relevar la tarea de seguir avanzando por mejorar el acceso y la oportunidad de recibir las distintas prestaciones, entendiendo que el tratamiento del VIH se encuentra garantizado por ley, para todas y todos, a trav\u00e9s del sistema de Garant\u00edas Expl\u00edcitas en Salud (GES). El llamado es a prevenir, asegur\u00e1ndole a las personas que tienen la posibilidad de llevar una vida saludable y productiva con el tratamiento adecuado. Asimismo, empoderar a toda la poblaci\u00f3n en disminuir el riesgo frente al VIH, protegi\u00e9ndose a s\u00ed mismos y a sus seres queridos\u201d.<\/p>\n<p><strong>Tratamiento y Detecci\u00f3n<\/strong><\/p>\n<p>En la misma l\u00ednea, Natalia Rodr\u00edguez S\u00e1ez, Matrona Encargada del Programa de Prevenci\u00f3n y Control del VIH\/SIDA e ITS del SS\u00d1, se\u00f1al\u00f3 que, \u201cen nuestra Regi\u00f3n contamos con un Centro Resolutor de VIH, en el Hospital Cl\u00ednico Herminda Mart\u00edn de Chill\u00e1n, donde, seg\u00fan lo registrado a septiembre de este a\u00f1o, 643 personas est\u00e1n bajo control. De estas, el 100% recibe Terapia Antirretroviral (TAR), de los cuales, el 93,3% se encuentra con carga viral indetectable, disminuyendo de esa manera la transmisibilidad del virus en nuestro territorio\u201d.<\/p>\n<p>\u201cDesde el SS\u00d1 hemos habilitado el acceso diagn\u00f3stico mediante test visual\/r\u00e1pido de VIH en el 100% de los establecimientos de atenci\u00f3n primaria de salud, realiz\u00e1ndose alrededor de 4 mil test de VIH anuales, en los \u00faltimos 3 a\u00f1os. Una estrategia que adem\u00e1s de permitir avanzar en cobertura, favorece mejorar el acceso a tratamiento y certificaci\u00f3n de la calidad de los procesos de atenci\u00f3n\u201d, precis\u00f3 la profesional, quien a\u00f1adi\u00f3 que, \u201cactualmente, \u00d1uble est\u00e1 implementando una nueva t\u00e9cnica para ampliar el acceso a los ex\u00e1menes de detecci\u00f3n: el test de autodiagn\u00f3stico, que tiene enfoque comunitario, contribuyendo a que las personas conozcan su estado serol\u00f3gico\u201d.<\/p>\n<p>Por su parte, la Dra. Fabiola Fern\u00e1ndez Quezada, Inmun\u00f3loga y Jefa del Policl\u00ednico de Infecciones de Transmisi\u00f3n Sexual y VIH del Hospital de Chill\u00e1n, enfatiz\u00f3 que, \u201cen esta conmemoraci\u00f3n, queremos reforzar el llamado a toda la poblaci\u00f3n record\u00e1ndoles que esta es una patolog\u00eda que est\u00e1 muy presente en nuestra sociedad, por eso debemos aunar todos los esfuerzos para evitar nuevas infecciones. Para ello, es importante saber nuestro estado serol\u00f3gico y hacernos el examen, ya sea a trav\u00e9s de un test r\u00e1pido, muestra de sangre o autotest. Para eso, solo debemos acercarnos a los distintos centros de salud y solicitar la realizaci\u00f3n del examen el cual es voluntario y confidencial, adem\u00e1s de gratuito para quienes se atienden en la red p\u00fablica de salud\u201d.<\/p>\n<p>\u201cConocer nuestro estado serol\u00f3gico, permite acceder a un diagn\u00f3stico oportuno y tratamiento precoz, el cual tambi\u00e9n es una forma de prevenci\u00f3n ya que toda persona diagnosticada y que est\u00e1 en tratamiento efectivo deja de transmitir el virus. Es importante mencionar que el tratamiento antirretroviral est\u00e1 garantizado en el sistema salud y permite realizar una vida normal con una expectativa de vida similar a la poblaci\u00f3n general. En \u00d1uble, las personas viviendo con VIH realizan sus atenciones en el Hospital Cl\u00ednico Herminda Mart\u00edn, a cargo de un equipo multidisciplinario integrado por m\u00e9dicos especialistas, qu\u00edmico farmac\u00e9utico, enfermera, matrona, psic\u00f3loga, trabajadora social, entre otros\u201d, indic\u00f3 la especialista.<\/p>\n<p>Asimismo, la m\u00e9dica a\u00f1adi\u00f3 que, \u201chacemos hincapi\u00e9 en el uso correcto del preservativo en todo tipo de relaci\u00f3n sexual y esperamos que en el corto plazo se pueda instaurar en la regi\u00f3n, el uso de PrEP en la red p\u00fablica, que corresponde a la profilaxis pre-exposici\u00f3n en personas de mayor riesgo de adquisici\u00f3n del virus y que consiste en el uso de medicamentos de forma diaria para prevenir la infecci\u00f3n. Por \u00faltimo, recordar de que independiente de como vivamos nuestra sexualidad es importante hacernos el examen de forma anual\u201d.<\/p>\n<p><strong>Feria de promoci\u00f3n y test r\u00e1pido<\/strong><\/p>\n<p>Con el objetivo de llamar a la poblaci\u00f3n a prevenir la infecci\u00f3n, este viernes 1 de diciembre, de 10:0 a 13:00 horas, se realizar\u00e1 la Campa\u00f1a de Test R\u00e1pido de VIH, en la cual se distribuir\u00e1 material educativo, preservativos y lubricantes, a quienes se acerquen, donde adem\u00e1s se estar\u00e1 realizando gratuitamente el test r\u00e1pido. La cita es en la explanada techada del Gobierno Regional.<\/p>\n<p>&nbsp;<\/p>\n<p>Colaboraci\u00f3n: SS\u00d1<\/p>\n","protected":false},"excerpt":{"rendered":"<p>En el marco de la conmemoraci\u00f3n del D\u00eda Mundial de la Lucha contra el SIDA, profesionales de salud relevan la importancia de la prevenci\u00f3n y del diagn\u00f3stico oportuno.<\/p>\n","protected":false},"author":3,"featured_media":11479,"comment_status":"open","ping_status":"closed","sticky":false,"template":"","format":"standard","meta":{"_acf_changed":false,"_monsterinsights_skip_tracking":false,"_monsterinsights_sitenote_active":false,"_monsterinsights_sitenote_note":"","_monsterinsights_sitenote_category":0,"footnotes":""},"categories":[4],"tags":[],"class_list":["post-11478","post","type-post","status-publish","format-standard","has-post-thumbnail","hentry","category-noticias"],"acf":[],"publishpress_future_action":{"enabled":false,"date":"2026-05-08 11:40:15","action":"change-status","newStatus":"draft","terms":[],"taxonomy":"category","extraData":[]},"publishpress_future_workflow_manual_trigger":{"enabledWorkflows":[]},"_links":{"self":[{"href":"https:\/\/hospitaldechillan.cl\/web\/wp-json\/wp\/v2\/posts\/11478","targetHints":{"allow":["GET"]}}],"collection":[{"href":"https:\/\/hospitaldechillan.cl\/web\/wp-json\/wp\/v2\/posts"}],"about":[{"href":"https:\/\/hospitaldechillan.cl\/web\/wp-json\/wp\/v2\/types\/post"}],"author":[{"embeddable":true,"href":"https:\/\/hospitaldechillan.cl\/web\/wp-json\/wp\/v2\/users\/3"}],"replies":[{"embeddable":true,"href":"https:\/\/hospitaldechillan.cl\/web\/wp-json\/wp\/v2\/comments?post=11478"}],"version-history":[{"count":0,"href":"https:\/\/hospitaldechillan.cl\/web\/wp-json\/wp\/v2\/posts\/11478\/revisions"}],"wp:featuredmedia":[{"embeddable":true,"href":"https:\/\/hospitaldechillan.cl\/web\/wp-json\/wp\/v2\/media\/11479"}],"wp:attachment":[{"href":"https:\/\/hospitaldechillan.cl\/web\/wp-json\/wp\/v2\/media?parent=11478"}],"wp:term":[{"taxonomy":"category","embeddable":true,"href":"https:\/\/hospitaldechillan.cl\/web\/wp-json\/wp\/v2\/categories?post=11478"},{"taxonomy":"post_tag","embeddable":true,"href":"https:\/\/hospitaldechillan.cl\/web\/wp-json\/wp\/v2\/tags?post=11478"}],"curies":[{"name":"wp","href":"https:\/\/api.w.org\/{rel}","templated":true}]}}