{"id":11238,"date":"2023-08-16T17:33:09","date_gmt":"2023-08-16T21:33:09","guid":{"rendered":"https:\/\/hospitaldechillan.cl\/web\/?p=11238"},"modified":"2023-08-16T17:33:09","modified_gmt":"2023-08-16T21:33:09","slug":"consejo-regional-de-nuble-aprobo-cerca-de-800-millones-para-el-mejoramiento-del-hospital-de-chillan","status":"publish","type":"post","link":"https:\/\/hospitaldechillan.cl\/web\/consejo-regional-de-nuble-aprobo-cerca-de-800-millones-para-el-mejoramiento-del-hospital-de-chillan\/","title":{"rendered":"Consejo Regional de \u00d1uble aprob\u00f3 cerca de $800 millones para el mejoramiento del Hospital de Chill\u00e1n"},"content":{"rendered":"<p>Dos proyectos para ejecuci\u00f3n y dise\u00f1o de infraestructura fueron aprobados durante la sesi\u00f3n ordinaria <strong>N\u00b0 119 del Consejo Regional de \u00d1uble<\/strong>. Uno de ellos es la <strong>conservaci\u00f3n del Hospital Cl\u00ednico Herminda Mart\u00edn<\/strong>, iniciativa que implica una inversi\u00f3n de $796.793.000 para el mejoramiento de las zonas de esterilizaci\u00f3n, neurosiquiatr\u00eda, torre de hospitalizaci\u00f3n, cirug\u00eda mayor ambulatoria, lavander\u00eda, consultas de especialidades y pasillos del edificio antiguo.<\/p>\n<p>Para el <strong>Gobernador de \u00d1uble, \u00d3scar Cris\u00f3stomo<\/strong>, los recursos aprobados para la conservaci\u00f3n del Hospital Herminda Martin de Chill\u00e1n \u201cnos permiten remozar y dotar con una mejor infraestructura para la atenci\u00f3n de los pacientes y tambi\u00e9n para los funcionarios que laboran d\u00eda a d\u00eda en este recinto hospitalario. Es un proyecto que busca dar mejores condiciones, que es lo que nosotros hemos buscado desde el d\u00eda uno y viene a complementar otras inversiones que hemos hecho. Estamos finalizando la remodelaci\u00f3n de la Unidad de Emergencia del Hospital Herminda Martin, pronto veremos con otros proyectos que van a estar m\u00e1s asociados al \u00e1rea de salud mental y distintos programas como las Mil Cirug\u00edas, la atenci\u00f3n tambi\u00e9n domiciliaria de pediatr\u00eda que hoy estamos desarrollando, por lo tanto, es un foco de preocupaci\u00f3n muy activo de este Consejo Regional y le agradezco a los consejeros que tambi\u00e9n lo han aprobado un\u00e1nimemente\u201d.<\/p>\n<p>En tanto, la <strong>Dra. Luz Mar\u00eda Mor\u00e1n, directora del HCHM<\/strong> resalt\u00f3 que \u201ceste proyecto permitir\u00e1 mejorar varias\u00a0\u00e1reas del Centro Ambulatorio de Especialidades, un servicio neur\u00e1lgico de nuestro hospital y en el que hace muchos a\u00f1os no se realiza una inversi\u00f3n tan importante. Se acondicionar\u00e1n las dependencias de atenci\u00f3n del \u00e1rea de la mujer, de medicina f\u00edsica y rehabilitaci\u00f3n y algunas salas de procedimientos. Tambi\u00e9n haremos mejoras en la unidad de\u00a0psiquiatr\u00eda de corta estad\u00eda, en esterilizaci\u00f3n y lavander\u00eda y, adem\u00e1s, pintaremos la fachada exterior del hospital que est\u00e1 muy deteriorada\u201d.<\/p>\n<p>Adem\u00e1s, la directiva asegur\u00f3 que \u201ctodav\u00eda tenemos que funcionar un par de a\u00f1os m\u00e1s en este edificio, antes de trasladarnos al nuevo Hospital Regional, por lo que esta inyecci\u00f3n de recursos del GORE es importante para seguir trabajando y atendiendo en las mejores condiciones sin que nuestros servicios decaigan\u201d.<\/p>\n<p>Por su parte, como vicepresidente de la <strong>Comisi\u00f3n de Salud y Medio Ambiente, el Consejero Regional Sergio Inostroza<\/strong>, se\u00f1al\u00f3 que \u201clos profesionales del Hospital Herminda Mart\u00edn presentaron la iniciativa para que este proyecto pueda abordar distintas mejoras significativas del recinto\u00a0 hospitalario, es un edificio que tiene una data importante y el uso que ha tenido ha ido generando unas deficiencias que se van a abordar a trav\u00e9s de este proyecto de conservaci\u00f3n, mejoramiento, mantenci\u00f3n, habilitaci\u00f3n de algunos recintos\u201d.<\/p>\n","protected":false},"excerpt":{"rendered":"<p>Los consejeros regionales dieron el visto bueno al proyecto que permitir\u00e1 mejorar la infraestructura del actual Establecimiento en diferentes \u00e1reas con el fin de prolongar su vida \u00fatil. <\/p>\n","protected":false},"author":3,"featured_media":11239,"comment_status":"open","ping_status":"closed","sticky":false,"template":"","format":"standard","meta":{"_acf_changed":false,"_monsterinsights_skip_tracking":false,"_monsterinsights_sitenote_active":false,"_monsterinsights_sitenote_note":"","_monsterinsights_sitenote_category":0,"footnotes":""},"categories":[4],"tags":[],"class_list":["post-11238","post","type-post","status-publish","format-standard","has-post-thumbnail","hentry","category-noticias"],"acf":[],"publishpress_future_action":{"enabled":false,"date":"2026-05-07 16:36:48","action":"change-status","newStatus":"draft","terms":[],"taxonomy":"category","extraData":[]},"publishpress_future_workflow_manual_trigger":{"enabledWorkflows":[]},"_links":{"self":[{"href":"https:\/\/hospitaldechillan.cl\/web\/wp-json\/wp\/v2\/posts\/11238","targetHints":{"allow":["GET"]}}],"collection":[{"href":"https:\/\/hospitaldechillan.cl\/web\/wp-json\/wp\/v2\/posts"}],"about":[{"href":"https:\/\/hospitaldechillan.cl\/web\/wp-json\/wp\/v2\/types\/post"}],"author":[{"embeddable":true,"href":"https:\/\/hospitaldechillan.cl\/web\/wp-json\/wp\/v2\/users\/3"}],"replies":[{"embeddable":true,"href":"https:\/\/hospitaldechillan.cl\/web\/wp-json\/wp\/v2\/comments?post=11238"}],"version-history":[{"count":0,"href":"https:\/\/hospitaldechillan.cl\/web\/wp-json\/wp\/v2\/posts\/11238\/revisions"}],"wp:featuredmedia":[{"embeddable":true,"href":"https:\/\/hospitaldechillan.cl\/web\/wp-json\/wp\/v2\/media\/11239"}],"wp:attachment":[{"href":"https:\/\/hospitaldechillan.cl\/web\/wp-json\/wp\/v2\/media?parent=11238"}],"wp:term":[{"taxonomy":"category","embeddable":true,"href":"https:\/\/hospitaldechillan.cl\/web\/wp-json\/wp\/v2\/categories?post=11238"},{"taxonomy":"post_tag","embeddable":true,"href":"https:\/\/hospitaldechillan.cl\/web\/wp-json\/wp\/v2\/tags?post=11238"}],"curies":[{"name":"wp","href":"https:\/\/api.w.org\/{rel}","templated":true}]}}