{"id":11139,"date":"2023-07-05T12:26:37","date_gmt":"2023-07-05T16:26:37","guid":{"rendered":"https:\/\/hospitaldechillan.cl\/web\/?p=11139"},"modified":"2023-07-05T12:37:52","modified_gmt":"2023-07-05T16:37:52","slug":"hospital-de-chillan-aplica-sedacion-perioperatoria-para-disminuir-la-ansiedad-de-ninas-y-ninos-con-trastornos-del-neurodesarrollo","status":"publish","type":"post","link":"https:\/\/hospitaldechillan.cl\/web\/hospital-de-chillan-aplica-sedacion-perioperatoria-para-disminuir-la-ansiedad-de-ninas-y-ninos-con-trastornos-del-neurodesarrollo\/","title":{"rendered":"Hospital de Chill\u00e1n aplica sedaci\u00f3n perioperatoria para disminuir la ansiedad de ni\u00f1as y ni\u00f1os con trastornos del neurodesarrollo"},"content":{"rendered":"<p>Las personas que se han realizado una cirug\u00eda, saben del nerviosismo y estr\u00e9s que generan los minutos previos a ingresar al pabell\u00f3n. Esa ansiedad tambi\u00e9n la experimentan las ni\u00f1as y ni\u00f1os y muchas veces se asocia con desenlaces postoperatorios ingratos como pueden ser las pesadillas, incontinencia e irritabilidad. Estas reacciones se acrecientan si los pacientes tienen alguna condici\u00f3n neurol\u00f3gica, psiqui\u00e1trica o un diagn\u00f3stico que forma parte de los trastornos del neurodesarrollo, como lo es la condici\u00f3n del espectro autista.<\/p>\n<p>Para hacer esta experiencia m\u00e1s grata y minimizar los efectos postquir\u00fargicos indeseados, el <strong>Servicio de Anestesia y Pabellones del Hospital Cl\u00ednico Herminda Mart\u00edn<\/strong> implement\u00f3 el uso de la <strong>ansi\u00f3lisis prequir\u00fargica. <\/strong>Se trata de t\u00e9cnicas de sedaci\u00f3n farmacol\u00f3gica que se aplica v\u00eda intranasal para disminuir el estr\u00e9s que ocasionan los procedimientos en pabell\u00f3n, que tanto en personas adultas y neurot\u00edpicas suponen un desaf\u00edo, m\u00e1s a\u00fan si se trata de pacientes neurodivergentes y de menores de edad.<\/p>\n<p>La Dra. Vivian D\u00edaz, anestesi\u00f3loga del hospital, explica que \u201ces normal que un ni\u00f1o ante una sala quir\u00fargica se estrese porque lo sacas de su medio, donde tiene sus rutinas, a las personas que conoce y lo traes a un lugar donde hay muchos desconocidos, con ruidos extra\u00f1os, lo que le produce susto, porque adem\u00e1s sabe que puede experimentar dolor. Muchas veces, son situaciones que no entiende y por eso lo vuelven m\u00e1s vulnerable y tambi\u00e9n genera una angustia adicional a los padres\u201d.<\/p>\n<p><img loading=\"lazy\" decoding=\"async\" class=\"alignnone size-medium wp-image-11145\" src=\"https:\/\/hospitaldechillan.cl\/web\/wp-content_Hos\/uploads\/2023\/07\/WhatsApp-Image-2023-07-05-at-12.22.55-640x360.jpeg\" alt=\"\" width=\"640\" height=\"360\" srcset=\"https:\/\/hospitaldechillan.cl\/web\/wp-content\/uploads\/2023\/07\/WhatsApp-Image-2023-07-05-at-12.22.55-640x360.jpeg 640w, https:\/\/hospitaldechillan.cl\/web\/wp-content\/uploads\/2023\/07\/WhatsApp-Image-2023-07-05-at-12.22.55-1200x675.jpeg 1200w, https:\/\/hospitaldechillan.cl\/web\/wp-content\/uploads\/2023\/07\/WhatsApp-Image-2023-07-05-at-12.22.55-768x432.jpeg 768w, https:\/\/hospitaldechillan.cl\/web\/wp-content\/uploads\/2023\/07\/WhatsApp-Image-2023-07-05-at-12.22.55-1536x864.jpeg 1536w, https:\/\/hospitaldechillan.cl\/web\/wp-content\/uploads\/2023\/07\/WhatsApp-Image-2023-07-05-at-12.22.55.jpeg 1600w\" sizes=\"auto, (max-width: 640px) 100vw, 640px\" \/><\/p>\n<p>La facultativa expres\u00f3 que esta t\u00e9cnica de sedaci\u00f3n preoperatoria es un gran avance porque \u201cofrecemos la opci\u00f3n de que el procedimiento o intervenci\u00f3n sea una experiencia m\u00e1s grata para el paciente y tambi\u00e9n para sus padres. Es s\u00faper positivo porque hemos tenido casos de ni\u00f1os con la condici\u00f3n del espectro autista que han logrado ciertos avances en sus conductas, por ejemplo, controlar esf\u00ednteres y despu\u00e9s de un evento traum\u00e1tico -como puede serlo una cirug\u00eda- han retrocedido a un estadio anterior, y eso no queremos que pase m\u00e1s\u201d.<\/p>\n<p><strong>En qu\u00e9 consiste la sedaci\u00f3n preanest\u00e9sica<\/strong><\/p>\n<p><strong>\u00a0<\/strong>Antes de ingresar a pabell\u00f3n, el m\u00e9dico tratante cuenta con la orden que describe el diagn\u00f3stico del paciente, si cuenta con alg\u00fan diagn\u00f3stico psiqui\u00e1trico, neurol\u00f3gico o condici\u00f3n neurodivergente, inmediatamente se activa el protocolo de <strong>ansi\u00f3lisis prequir\u00fargica. <\/strong><\/p>\n<p>\u201cLo recibimos en la sala de preanestesia con la enfermera y el auxiliar, all\u00ed se eval\u00faa. Revisas los antecedentes, si ha recibido anestesia anteriormente, si tiene antecedentes familiares de alg\u00fan problema anest\u00e9sico, verificas el periodo de ayuno, verificas algo muy importante y es ver si el ni\u00f1o va a ser candidato para esta t\u00e9cnica. La idea es que el paciente est\u00e9 tranquilo y cooperador para la inducci\u00f3n de la anestesia\u201d, asegur\u00f3 la especialista.<\/p>\n<p>Joaqu\u00edn Rojas Toloza, es uno de los ni\u00f1os que han recibido esta atenci\u00f3n, tiene 11 a\u00f1os y naci\u00f3 con par\u00e1lisis cerebral, tiene convulsiones recurrentes por epilepsia. Recientemente tuvo que ser operado por una malformaci\u00f3n en el pie.<\/p>\n<p>Para su mam\u00e1, Jovita Toloza, fue una situaci\u00f3n dif\u00edcil solo el pensar en su cirug\u00eda, porque a pesar de que no pod\u00eda caminar bien, le preocupaba su \u00e1nimo para la operaci\u00f3n: \u201cMe gust\u00f3 que los doctores me permitieron pasar a pabell\u00f3n y estar con mi hijo. Aunque me dio mucha pena y llor\u00e9, estoy agradecida por la atenci\u00f3n que me dieron, el acompa\u00f1amiento y la informaci\u00f3n que me brindaron, todos muy dispuestos en todo momento\u201d.<\/p>\n<p>Con el acompa\u00f1amiento prequir\u00fargico por uno de los padres, el uso de la sedaci\u00f3n preanest\u00e9sica y el seguimiento m\u00e9dico continuo se busca disminuir la ansiedad de los ni\u00f1os y ni\u00f1as para que ingresen de la manera m\u00e1s relajada a pabell\u00f3n.<\/p>\n<p>&nbsp;<\/p>\n<p>&nbsp;<\/p>\n","protected":false},"excerpt":{"rendered":"<p>Se trata de una t\u00e9cnica farmacol\u00f3gica que se administra v\u00eda intranasal para brindar una experiencia cl\u00ednica menos disruptiva en pacientes menores de edad con alguna condici\u00f3n neurodivergente o problemas de salud neurol\u00f3gicos o psiqui\u00e1tricos. <\/p>\n","protected":false},"author":3,"featured_media":11141,"comment_status":"open","ping_status":"closed","sticky":false,"template":"","format":"standard","meta":{"_acf_changed":false,"_monsterinsights_skip_tracking":false,"_monsterinsights_sitenote_active":false,"_monsterinsights_sitenote_note":"","_monsterinsights_sitenote_category":0,"footnotes":""},"categories":[4],"tags":[],"class_list":["post-11139","post","type-post","status-publish","format-standard","has-post-thumbnail","hentry","category-noticias"],"acf":[],"publishpress_future_action":{"enabled":false,"date":"2026-05-06 15:32:06","action":"change-status","newStatus":"draft","terms":[],"taxonomy":"category","extraData":[]},"publishpress_future_workflow_manual_trigger":{"enabledWorkflows":[]},"_links":{"self":[{"href":"https:\/\/hospitaldechillan.cl\/web\/wp-json\/wp\/v2\/posts\/11139","targetHints":{"allow":["GET"]}}],"collection":[{"href":"https:\/\/hospitaldechillan.cl\/web\/wp-json\/wp\/v2\/posts"}],"about":[{"href":"https:\/\/hospitaldechillan.cl\/web\/wp-json\/wp\/v2\/types\/post"}],"author":[{"embeddable":true,"href":"https:\/\/hospitaldechillan.cl\/web\/wp-json\/wp\/v2\/users\/3"}],"replies":[{"embeddable":true,"href":"https:\/\/hospitaldechillan.cl\/web\/wp-json\/wp\/v2\/comments?post=11139"}],"version-history":[{"count":0,"href":"https:\/\/hospitaldechillan.cl\/web\/wp-json\/wp\/v2\/posts\/11139\/revisions"}],"wp:featuredmedia":[{"embeddable":true,"href":"https:\/\/hospitaldechillan.cl\/web\/wp-json\/wp\/v2\/media\/11141"}],"wp:attachment":[{"href":"https:\/\/hospitaldechillan.cl\/web\/wp-json\/wp\/v2\/media?parent=11139"}],"wp:term":[{"taxonomy":"category","embeddable":true,"href":"https:\/\/hospitaldechillan.cl\/web\/wp-json\/wp\/v2\/categories?post=11139"},{"taxonomy":"post_tag","embeddable":true,"href":"https:\/\/hospitaldechillan.cl\/web\/wp-json\/wp\/v2\/tags?post=11139"}],"curies":[{"name":"wp","href":"https:\/\/api.w.org\/{rel}","templated":true}]}}