{"id":11134,"date":"2023-06-30T13:02:08","date_gmt":"2023-06-30T17:02:08","guid":{"rendered":"https:\/\/hospitaldechillan.cl\/web\/?p=11134"},"modified":"2023-06-30T13:02:08","modified_gmt":"2023-06-30T17:02:08","slug":"ninas-y-ninos-hospitalizados-han-aumentado-su-necesidad-de-terapia-kinesica-respiratoria-para-recuperar-su-salud","status":"publish","type":"post","link":"https:\/\/hospitaldechillan.cl\/web\/ninas-y-ninos-hospitalizados-han-aumentado-su-necesidad-de-terapia-kinesica-respiratoria-para-recuperar-su-salud\/","title":{"rendered":"Ni\u00f1as y ni\u00f1os hospitalizados han aumentado su necesidad de terapia kin\u00e9sica respiratoria para recuperar su salud"},"content":{"rendered":"<p>La alta cantidad de hospitalizaciones a causa de enfermedades respiratorias, se enfrenta en el <strong>Hospital Cl\u00ednico Herminda Mart\u00edn de forma interdisciplinaria<\/strong>, pues las patolog\u00edas de este tipo requieren terapia ventilatoria y kin\u00e9sica, que ofrecen kinesi\u00f3logos y kinesi\u00f3logas especialistas en el \u00e1rea. Durante junio, se realizaron un total de 2 mil 653 atenciones a ni\u00f1as y ni\u00f1os hospitalizados en la Unidad de Paciente Cr\u00edtico Pedi\u00e1trico, Neonatolog\u00eda y en el Servicio de Pediatr\u00eda.<\/p>\n<p>La contingencia sanitaria actual, ha generado que en un solo d\u00eda se hayan realizado hasta<strong> 92 atenciones pedi\u00e1tricas<\/strong>. Seg\u00fan, <strong>Germ\u00e1n Villagr\u00e1n, kinesi\u00f3logo coordinador de atenci\u00f3n cerrada en el Establecimiento<\/strong>, \u201clos cuidados que ofrecemos incluyen una amplia gama de t\u00e9cnicas que se inician en la educaci\u00f3n, pasan por los ejercicios kin\u00e9sicos respiratorios, la participaci\u00f3n activa en oxigenoterapia, ventilaci\u00f3n mec\u00e1nica invasiva y no invasiva, adem\u00e1s de valoraci\u00f3n de ex\u00e1menes como ecograf\u00eda pulmonar, muscular, entrenamiento muscular respiratorio, traqueostom\u00edas percut\u00e1neas y decanulaciones, sin dejar de lado que nuestra funci\u00f3n principal es devolver la funcionalidad motora y tambi\u00e9n respiratoria\u201d.<\/p>\n<p>\u201cLas t\u00e9cnicas kin\u00e9sicas respiratorias var\u00edan de acuerdo a la edad de los ni\u00f1os, en lactantes y neonatos se utilizan las que son menos intensas. En tanto, en los mayores la m\u00e1s usada es la espiraci\u00f3n lenta prolongada. Adem\u00e1s, coordinamos nuestro trabajo con las enfermeras con el prop\u00f3sito de hacer nebulizaciones previas a la kinesiterapia o inhalaciones posteriores y tambi\u00e9n les colaboramos cuando por mayor carga laboral no pueden realizarlas\u201d asegur\u00f3 el profesional.<\/p>\n<p>Estas terapias, adem\u00e1s, se realizan de forma complementaria con el uso de equipos de oxigenoterapia y uso de inhaladores.<\/p>\n<p>La atenci\u00f3n kin\u00e9sica respiratoria, de acuerdo con Villagr\u00e1n se utiliza en patolog\u00edas que \u201cpresentan alta secreci\u00f3n y obstrucci\u00f3n bronquial, como por ejemplo bronquitis, neumon\u00eda, asma, fibrosis qu\u00edstica, generalmente dirigido a pacientes reci\u00e9n nacidos y enfermos cr\u00f3nicos, debido a que tienen su sistema inmune debilitado. Lo que se busca en estos casos es permeabilizar la v\u00eda a\u00e9rea, no obstante, el apoyo kinesiol\u00f3gico se extiende tambi\u00e9n durante todo el proceso de la enfermedad. Si requiere ox\u00edgeno, soporte ventilatorio, educaci\u00f3n a familiares sobre cu\u00e1l es la forma correcta de inhalar, ense\u00f1ando por ejemplo el uso de las aeroc\u00e1maras\u201d, sostuvo.<\/p>\n<p>\u201cLa terapia respiratoria, <strong>no es brindar tratamiento a la patolog\u00eda sino a alguna manifestaci\u00f3n de ella<\/strong>, como lo es la obstrucci\u00f3n bronquial o la hipersecreci\u00f3n\u201d, explic\u00f3 el terapista ventilatorio.<\/p>\n<p>En el caso de <strong>la terapia ventilatoria<\/strong>, un grupo de 6 kinesi\u00f3logos del Hospital, es terapista especializado, quienes asesoran a sus colegas en cuanto a lo que se refiere a ventilaci\u00f3n mec\u00e1nica. De esta manera se favorece la asistencia desde la detecci\u00f3n de la necesidad de ventilaci\u00f3n mec\u00e1nica invasiva o no invasiva, su instalaci\u00f3n, programaci\u00f3n y el manejo oxigenoterapia, siempre en coordinaci\u00f3n con los m\u00e9dicos.<\/p>\n<p>Seg\u00fan el <strong>Dr. Marcelo P\u00e9rez, jefe del Servicio de Medicina F\u00edsica y Rehabilitaci\u00f3n<\/strong>, \u201caunque el 2023 nos sorprendi\u00f3 con el aumento de carga asistencial en pacientes pedi\u00e1tricos, si es que lo comparamos con el tiempo de pandemia, si hubo una diferencia que fue positiva, pues tenemos un gran equipo formado en el \u00e1rea respiratoria. Actualmente, el <strong>Servicio cuenta con un grupo de 39 kinesi\u00f3logos y kinesi\u00f3logas con turnos en las Unidades de Paciente Cr\u00edtico Adulto y Pedi\u00e1trico, Neurolog\u00eda, Medicina, Unidad de Emergencia, cantidad que fue reforzada con 11 profesionales adicionales<\/strong> en el marco de la campa\u00f1a de invierno\u201d.<\/p>\n","protected":false},"excerpt":{"rendered":"<p>En junio se realizaron un total de 2 mil 653 atenciones kin\u00e9sicas y\/o terapia ventilatoria para lograr estabilizar sus patolog\u00edas respiratorias y devolver la funcionalidad de la v\u00eda a\u00e9rea, disminuyendo la alta cantidad de secreciones presentes en los bronquios y superando la obstrucci\u00f3n del sistema. <\/p>\n","protected":false},"author":3,"featured_media":11135,"comment_status":"open","ping_status":"closed","sticky":false,"template":"","format":"standard","meta":{"_acf_changed":false,"_monsterinsights_skip_tracking":false,"_monsterinsights_sitenote_active":false,"_monsterinsights_sitenote_note":"","_monsterinsights_sitenote_category":0,"footnotes":""},"categories":[4],"tags":[],"class_list":["post-11134","post","type-post","status-publish","format-standard","has-post-thumbnail","hentry","category-noticias"],"acf":[],"publishpress_future_action":{"enabled":false,"date":"2026-05-07 12:19:20","action":"change-status","newStatus":"draft","terms":[],"taxonomy":"category","extraData":[]},"publishpress_future_workflow_manual_trigger":{"enabledWorkflows":[]},"_links":{"self":[{"href":"https:\/\/hospitaldechillan.cl\/web\/wp-json\/wp\/v2\/posts\/11134","targetHints":{"allow":["GET"]}}],"collection":[{"href":"https:\/\/hospitaldechillan.cl\/web\/wp-json\/wp\/v2\/posts"}],"about":[{"href":"https:\/\/hospitaldechillan.cl\/web\/wp-json\/wp\/v2\/types\/post"}],"author":[{"embeddable":true,"href":"https:\/\/hospitaldechillan.cl\/web\/wp-json\/wp\/v2\/users\/3"}],"replies":[{"embeddable":true,"href":"https:\/\/hospitaldechillan.cl\/web\/wp-json\/wp\/v2\/comments?post=11134"}],"version-history":[{"count":0,"href":"https:\/\/hospitaldechillan.cl\/web\/wp-json\/wp\/v2\/posts\/11134\/revisions"}],"wp:featuredmedia":[{"embeddable":true,"href":"https:\/\/hospitaldechillan.cl\/web\/wp-json\/wp\/v2\/media\/11135"}],"wp:attachment":[{"href":"https:\/\/hospitaldechillan.cl\/web\/wp-json\/wp\/v2\/media?parent=11134"}],"wp:term":[{"taxonomy":"category","embeddable":true,"href":"https:\/\/hospitaldechillan.cl\/web\/wp-json\/wp\/v2\/categories?post=11134"},{"taxonomy":"post_tag","embeddable":true,"href":"https:\/\/hospitaldechillan.cl\/web\/wp-json\/wp\/v2\/tags?post=11134"}],"curies":[{"name":"wp","href":"https:\/\/api.w.org\/{rel}","templated":true}]}}