{"id":11108,"date":"2023-06-13T15:21:42","date_gmt":"2023-06-13T19:21:42","guid":{"rendered":"https:\/\/hospitaldechillan.cl\/web\/?p=11108"},"modified":"2023-06-13T15:28:42","modified_gmt":"2023-06-13T19:28:42","slug":"hospital-de-chillan-convierte-dos-nuevas-camas-para-tratamiento-intermedio-infantil","status":"publish","type":"post","link":"https:\/\/hospitaldechillan.cl\/web\/hospital-de-chillan-convierte-dos-nuevas-camas-para-tratamiento-intermedio-infantil\/","title":{"rendered":"Hospital de Chill\u00e1n convierte dos nuevas camas para tratamiento intermedio infantil"},"content":{"rendered":"<p>El <strong>Hospital Cl\u00ednico Herminda Mart\u00edn<\/strong> contin\u00faa los esfuerzos por fortalecer la capacidad de respuesta ante la demanda por hospitalizaciones infantiles, esta vez complejizando 2 camas medias en cuidados intermedios, con lo que los cupos habilitados en la <strong>Unidad de Tratamiento Intermedio (UTI) pedi\u00e1trico llegan a 10.<\/strong><\/p>\n<p>Al respecto, la <strong>Dra. Luz Mor\u00e1n, Directora del HCHM<\/strong> enfatiz\u00f3 que \u201cen esta contingencia por el alza de las consultas de enfermedades respiratorias, hemos hecho todo el esfuerzo como principal centro asistencial de la Regi\u00f3n y en ese contexto es que adem\u00e1s de las otras medidas establecidas, continuamos la reconversi\u00f3n de camas cr\u00edticas pedi\u00e1tricas, que como lo hemos explicado antes contempla tambi\u00e9n disponer de recurso humano capacitado e insumos para atender a las y los ni\u00f1os\u201d.<\/p>\n<p>\u201cFortalecer la respuesta hospitalaria ha significado resolver tambi\u00e9n cuestiones log\u00edsticas, habilitar nuevos espacios f\u00edsicos, capacitar y entrenar al personal de salud. Hemos desarrollado un programa en escalada de acuerdo al escenario epidemiol\u00f3gico\u201d, precis\u00f3 la facultativa.<\/p>\n<p>Actualmente el centro asistencial, cuenta con 10 camas en UCI, 10 en UTI, otros 8 en cuidados medios, adem\u00e1s de los cupos de cuidados b\u00e1sicos pedi\u00e1tricos.<\/p>\n<p>\u201cHasta el momento no hemos requerido derivar a otro recinto asistencial a ning\u00fan paciente, aunque esa posibilidad siempre est\u00e1 latente, debido a la alta circulaci\u00f3n viral y la criticidad de los cuadros que han presentado los ni\u00f1os y ni\u00f1as con requerimientos de hospitalizaci\u00f3n. Por ello, hemos insistido tanto en cortar la cadena de transmisi\u00f3n para evitar la hospitalizaci\u00f3n de los peque\u00f1os, que es cuando ya est\u00e1n graves\u201d.<\/p>\n<p>Al respecto, la directiva, se\u00f1al\u00f3 que se necesita del apoyo de los adultos y de las familias en los intercuidados, porque los ni\u00f1os y ni\u00f1as de corta edad o personas vulnerables, no pueden tomar medidas de prevenci\u00f3n por s\u00ed solos.<\/p>\n<p>Es necesario extremar las medidas. \u201cNo besar a los ni\u00f1os, lavarse las manos antes de tocarlos o tomarlos en brazos, evitar que tengan contacto con personas con s\u00edntomas respiratorios, no exponerlos a sitios con aglomeraciones como centros comerciales\u201d, enfatiz\u00f3 la doctora Mor\u00e1n.<\/p>\n<p>La recomendaci\u00f3n para toda la poblaci\u00f3n es a hacer un buen uso de la red asistencial, consultando primero en los Cesfam, SAPU o SAR comunal, ante una situaci\u00f3n de salud que no sea cr\u00edtica o de riesgo vital y acudir a la Unidad de Emergencia Hospitalaria cuando son casos de mayor gravedad.<\/p>\n<p>Es importante recordar que ante la presencia de s\u00edntomas de enfermedades respiratorias o si se requiere alg\u00fan tipo de orientaci\u00f3n en esta materia, se encuentra disponible <strong>Salud Responde, al que se puede acceder llamando al 600 360 7777.<\/strong><\/p>\n","protected":false},"excerpt":{"rendered":"<p>En las \u00faltimas horas se complejizaron 2 cupos de cuidados medios a intermedios. De esta manera el principal recinto asistencial de \u00d1uble acumula 20 camas de cuidados cr\u00edticos, intensivos e intermedios, para atender los requerimientos por enfermedades respiratorias de ni\u00f1as y ni\u00f1os. <\/p>\n","protected":false},"author":3,"featured_media":11109,"comment_status":"open","ping_status":"closed","sticky":false,"template":"","format":"standard","meta":{"_acf_changed":false,"_monsterinsights_skip_tracking":false,"_monsterinsights_sitenote_active":false,"_monsterinsights_sitenote_note":"","_monsterinsights_sitenote_category":0,"footnotes":""},"categories":[4],"tags":[],"class_list":["post-11108","post","type-post","status-publish","format-standard","has-post-thumbnail","hentry","category-noticias"],"acf":[],"publishpress_future_action":{"enabled":false,"date":"2026-05-07 01:32:59","action":"change-status","newStatus":"draft","terms":[],"taxonomy":"category","extraData":[]},"publishpress_future_workflow_manual_trigger":{"enabledWorkflows":[]},"_links":{"self":[{"href":"https:\/\/hospitaldechillan.cl\/web\/wp-json\/wp\/v2\/posts\/11108","targetHints":{"allow":["GET"]}}],"collection":[{"href":"https:\/\/hospitaldechillan.cl\/web\/wp-json\/wp\/v2\/posts"}],"about":[{"href":"https:\/\/hospitaldechillan.cl\/web\/wp-json\/wp\/v2\/types\/post"}],"author":[{"embeddable":true,"href":"https:\/\/hospitaldechillan.cl\/web\/wp-json\/wp\/v2\/users\/3"}],"replies":[{"embeddable":true,"href":"https:\/\/hospitaldechillan.cl\/web\/wp-json\/wp\/v2\/comments?post=11108"}],"version-history":[{"count":0,"href":"https:\/\/hospitaldechillan.cl\/web\/wp-json\/wp\/v2\/posts\/11108\/revisions"}],"wp:featuredmedia":[{"embeddable":true,"href":"https:\/\/hospitaldechillan.cl\/web\/wp-json\/wp\/v2\/media\/11109"}],"wp:attachment":[{"href":"https:\/\/hospitaldechillan.cl\/web\/wp-json\/wp\/v2\/media?parent=11108"}],"wp:term":[{"taxonomy":"category","embeddable":true,"href":"https:\/\/hospitaldechillan.cl\/web\/wp-json\/wp\/v2\/categories?post=11108"},{"taxonomy":"post_tag","embeddable":true,"href":"https:\/\/hospitaldechillan.cl\/web\/wp-json\/wp\/v2\/tags?post=11108"}],"curies":[{"name":"wp","href":"https:\/\/api.w.org\/{rel}","templated":true}]}}