{"id":11000,"date":"2023-05-04T14:20:42","date_gmt":"2023-05-04T18:20:42","guid":{"rendered":"https:\/\/hospitaldechillan.cl\/web\/?p=11000"},"modified":"2023-05-04T14:21:05","modified_gmt":"2023-05-04T18:21:05","slug":"servicio-de-medicina-fisica-y-rehabilitacion-trata-linfedema-originado-post-cirugia-de-cancer-de-mama","status":"publish","type":"post","link":"https:\/\/hospitaldechillan.cl\/web\/servicio-de-medicina-fisica-y-rehabilitacion-trata-linfedema-originado-post-cirugia-de-cancer-de-mama\/","title":{"rendered":"Servicio de Medicina F\u00edsica y Rehabilitaci\u00f3n trata linfedema originado post cirug\u00eda de c\u00e1ncer de mama"},"content":{"rendered":"<p><strong>Rosa Gonz\u00e1lez tiene 83 a\u00f1os y en 2017 fue intervenida por un c\u00e1ncer de mama<\/strong>. Desde marzo de este 2023, ella es una de las 10 usuarias que han accedido a rehabilitaci\u00f3n kin\u00e9sica en el <strong>Servicio de Medicina F\u00edsica y Rehabilitaci\u00f3n del Hospital Cl\u00ednico Herminda Mart\u00edn,<\/strong> debido a que posterior a su mastectom\u00eda, su extremidad derecha acumul\u00f3 l\u00edquido rico en prote\u00ednas, m\u00e1s de un litro y medio, patolog\u00eda que es conocida como linfedema y afecta la calidad de vida de quienes la padecen, porque limita sus movimientos y puede acarrear m\u00faltiples infecciones en los casos m\u00e1s graves.<\/p>\n<p>Desde el 2022, esta dependencia hospitalaria cuenta con un profesional capacitado para realizar la terapia descongestiva, que se inici\u00f3 en octubre de ese mismo a\u00f1o permitiendo que las personas que se vean afectadas por linfedemas secundarios a c\u00e1ncer de mama puedan asistir al Establecimiento para disminuir el aumento de volumen y las molestias que genera la acumulaci\u00f3n anormal de l\u00edquido en sus extremidades y en su vida diaria.<\/p>\n<p>De acuerdo a la literatura, el linfedema es la inflamaci\u00f3n de los tejidos causada por una acumulaci\u00f3n de l\u00edquido rico en prote\u00ednas que en condiciones normales se drena a trav\u00e9s del sistema linf\u00e1tico del cuerpo. No obstante, cuando algo lo bloquea se produce esta enfermedad. Seg\u00fan <strong>Bernardita Espinoza, kinesi\u00f3loga a cargo de la rehabilitaci\u00f3n oncol\u00f3gica<\/strong> en el Hospital \u201cen las usuarias que hemos tratado disminuye la funcionalidad y la calidad de vida, por eso con este tratamiento buscamos disminuir el volumen de la extremidad afectada, para evitar futuras y m\u00e1s graves complicaciones en la salud\u201d.<\/p>\n<p>La terapia, se realiza en 3 sesiones semanales -dependiendo de la gravedad de la inflamaci\u00f3n- y tiene una extensi\u00f3n de alrededor de cinco semanas. \u201cEn las sesiones, el trabajo consiste en aplicar la terapia descongestiva compleja es el tratamiento gold est\u00e1ndar para el linfedema y consta de educaci\u00f3n para el cuidado de la piel, drenaje linf\u00e1tico manual, vendaje multicapa, ejercicios y prendas elasto compresivas\u201d, puntualiza la profesional.<\/p>\n<p>Algunos de los signos que sugieren esta enfermedad, son:<\/p>\n<ul>\n<li>Aumento de volumen de la extremidad<\/li>\n<li>Sensaci\u00f3n de pesadez u opresi\u00f3n<\/li>\n<li>Amplitud limitada de movimiento<\/li>\n<li>Infecciones recurrentes<\/li>\n<li>Endurecimiento y engrosamiento de la piel<\/li>\n<\/ul>\n<p>Ante estos signos de alerta, es necesario consultar a un especialista.<\/p>\n<p><strong>\u201cEstoy muy agradecida de la terapia\u201d<\/strong><\/p>\n<p>Rosa sabe que ahora debe acostumbrarse al volumen normal de su brazo derecho. Paso un largo tiempo con un peso adicional, hinchaz\u00f3n y molestia, pero se adecu\u00f3 a ello, pese a lo dif\u00edcil que era realizar sus actividades dom\u00e9sticas y rutinarias. Desde el 15 de marzo, comenz\u00f3 su tratamiento en el Hospital y hoy luego de un mes ya siente su extremidad normal.<\/p>\n<p>\u201cDespu\u00e9s que segu\u00ed el tratamiento con ella, me sent\u00ed mucho mejor. Yo ten\u00eda un brazo muy grande y desde la primera vez que me vend\u00e9, baj\u00f3 el l\u00edquido de inmediato. Luego de mi operaci\u00f3n por el c\u00e1ncer poco a poco, mi brazo se fue inflamando y me pesaba mucho porque se junt\u00f3 m\u00e1s de un litro y medio de l\u00edquido. Se ve\u00eda m\u00e1s grande y no me dol\u00eda. Sent\u00eda que estaba como quebrado y me hab\u00eda acostumbrado a esa sensaci\u00f3n. Ahora que ya estoy bien, me siento muy extra\u00f1a, pero s\u00e9 que as\u00ed estoy mucho mejor, por eso le agradezco mucho a la kinesi\u00f3loga\u201d, asegura la usuaria que vive en un sector rural de San Ignacio.<\/p>\n<p>El c\u00e1ncer de mama, es una patolog\u00eda con Garant\u00edas expl\u00edcitas en salud, que contempla desde la sospecha hasta el seguimiento. Es en ese momento, cuando debe revisar si las usuarias presentan linfedema puesto que solo lo cursa un 30% de las personas que se les realiz\u00f3 mastectom\u00eda o radioterapia. Tras ello, debe ser atendida por fisiatra y \u00e9ste a su vez derivarla a rehabilitaci\u00f3n.<\/p>\n","protected":false},"excerpt":{"rendered":"<p>Desde octubre hasta ahora hay 10 personas siendo rehabilitadas por el aumento de volumen de su extremidad superior generado por el incremento del l\u00edquido linf\u00e1tico, permiti\u00e9ndoles de esta forma retomar la funcionalidad de \u00e9sta y recuperar su calidad de vida. <\/p>\n","protected":false},"author":3,"featured_media":11002,"comment_status":"open","ping_status":"closed","sticky":false,"template":"","format":"standard","meta":{"_acf_changed":false,"_monsterinsights_skip_tracking":false,"_monsterinsights_sitenote_active":false,"_monsterinsights_sitenote_note":"","_monsterinsights_sitenote_category":0,"footnotes":""},"categories":[4],"tags":[],"class_list":["post-11000","post","type-post","status-publish","format-standard","has-post-thumbnail","hentry","category-noticias"],"acf":[],"publishpress_future_action":{"enabled":false,"date":"2026-05-08 08:27:43","action":"change-status","newStatus":"draft","terms":[],"taxonomy":"category","extraData":[]},"publishpress_future_workflow_manual_trigger":{"enabledWorkflows":[]},"_links":{"self":[{"href":"https:\/\/hospitaldechillan.cl\/web\/wp-json\/wp\/v2\/posts\/11000","targetHints":{"allow":["GET"]}}],"collection":[{"href":"https:\/\/hospitaldechillan.cl\/web\/wp-json\/wp\/v2\/posts"}],"about":[{"href":"https:\/\/hospitaldechillan.cl\/web\/wp-json\/wp\/v2\/types\/post"}],"author":[{"embeddable":true,"href":"https:\/\/hospitaldechillan.cl\/web\/wp-json\/wp\/v2\/users\/3"}],"replies":[{"embeddable":true,"href":"https:\/\/hospitaldechillan.cl\/web\/wp-json\/wp\/v2\/comments?post=11000"}],"version-history":[{"count":0,"href":"https:\/\/hospitaldechillan.cl\/web\/wp-json\/wp\/v2\/posts\/11000\/revisions"}],"wp:featuredmedia":[{"embeddable":true,"href":"https:\/\/hospitaldechillan.cl\/web\/wp-json\/wp\/v2\/media\/11002"}],"wp:attachment":[{"href":"https:\/\/hospitaldechillan.cl\/web\/wp-json\/wp\/v2\/media?parent=11000"}],"wp:term":[{"taxonomy":"category","embeddable":true,"href":"https:\/\/hospitaldechillan.cl\/web\/wp-json\/wp\/v2\/categories?post=11000"},{"taxonomy":"post_tag","embeddable":true,"href":"https:\/\/hospitaldechillan.cl\/web\/wp-json\/wp\/v2\/tags?post=11000"}],"curies":[{"name":"wp","href":"https:\/\/api.w.org\/{rel}","templated":true}]}}