{"id":10950,"date":"2023-04-06T17:36:53","date_gmt":"2023-04-06T21:36:53","guid":{"rendered":"https:\/\/hospitaldechillan.cl\/web\/?p=10950"},"modified":"2023-04-06T17:37:23","modified_gmt":"2023-04-06T21:37:23","slug":"autoridades-de-salud-reforzaron-el-llamado-al-autocuidado-y-al-buen-uso-de-la-red-asistencial-en-semana-santa","status":"publish","type":"post","link":"https:\/\/hospitaldechillan.cl\/web\/autoridades-de-salud-reforzaron-el-llamado-al-autocuidado-y-al-buen-uso-de-la-red-asistencial-en-semana-santa\/","title":{"rendered":"Autoridades de Salud reforzaron el llamado al autocuidado y al buen uso de la Red Asistencial en Semana Santa"},"content":{"rendered":"<p>De cara a una nueva conmemoraci\u00f3n de Semana Santa, directivos del Servicio de Salud \u00d1uble (SS\u00d1) realizaron un llamado a la comunidad al autocuidado, recalcando la importancia de la prevenci\u00f3n, con el objetivo de evitar accidentes y de desarrollar enfermedades gastrointestinales, a causa de transgresiones alimentarias. A su vez, las y los profesionales dieron cuenta del fortalecimiento de la red sanitaria, que se robustece ante un posible incremento de consultas.<\/p>\n<p>Al respecto, la <strong>Directora (s) del SS\u00d1, Elizabeth Abarca Trivi\u00f1o<\/strong>, destac\u00f3 que \u201cla Red est\u00e1 preparada como siempre, a lo largo y ancho de toda la Regi\u00f3n. Por ello, les pedimos a las personas, en la medida de lo posible, hagan un buen uso de los dispositivos, entendiendo que hay una red de urgencia, que parte siempre en la atenci\u00f3n primaria, con 5 SAPU, 14 Servicios de Urgencia Rural (SUR), adem\u00e1s de 2 SAR y las urgencias tanto en los Hospitales Comunitarios como en los de alta complejidad\u201d.<\/p>\n<p>\u201cRecordar la importancia de hacer un uso correcto de la Red Asistencial, sobre todo considerando que las urgencias de nuestros hospitales, siempre tienen que estar disponibles para aquellos casos de mayor gravedad, siendo los dispositivos de Atenci\u00f3n Primaria, los que se encuentran totalmente preparados para dar atenci\u00f3n a consultas de menor complejidad\u201d, reforz\u00f3 la profesional.<\/p>\n<p><strong>Refuerzo de las unidades de emergencia <\/strong><\/p>\n<p>Los distintos establecimientos de salud, se encuentran fortalecidos, con el objetivo de entregar una atenci\u00f3n oportuna a todas las personas. En esa l\u00ednea,<strong> la Dra. Luz Mar\u00eda Mor\u00e1n, Directora (s) del Hospital Cl\u00ednico Herminda Mart\u00edn de Chill\u00e1n,<\/strong> precis\u00f3: \u201cDar la tranquilidad a la comunidad, ya que nuestro establecimiento est\u00e1 preparado para este fin de semana largo, con todos los equipos de la Servicio de Urgencia funcionando y refuerzos en caso de ser necesarios. Lo principal es destacar que el cuidado comienza en cada uno de nosotros, evitando riesgos innecesarios y cuidando la alimentaci\u00f3n. Es importante, consumir o comprar pescados y mariscos en lugares autorizados, considerando que \u00e9stos son fuente de intoxicaciones cuando se encuentran en malas condiciones, las que pueden ser de muy leves, hasta muy severas, sobre todo en personas que tengan patolog\u00edas asociadas como diabetes, hipertensi\u00f3n o insuficiencia renal cr\u00f3nica\u201d.<\/p>\n<p>Por su parte, <strong>el Director (s) del Hospital de San Carlos, Dr. Fernando Corval\u00e1n<\/strong>, recalc\u00f3 que \u201ccomo recinto hospitalario estamos fortalecidos para enfrentar este fin de semana, atendiendo de la mejor manera en nuestra Urgencia, manteniendo la atenci\u00f3n continua de las unidades de apoyo y asegur\u00e1ndole a la poblaci\u00f3n que no tenemos quiebre de stock de insumos, asegurando entregar las distintas prestaciones, manteniendo una coordinaci\u00f3n directa con toda la Red Asistencial, para mantener la operatividad. Es importante recordar a los pacientes cr\u00f3nicos, que en estas fechas no descuiden sus tratamientos, de esta manera, pueden evitar que acudir a las unidades de emergencia por alguna descompensaci\u00f3n\u201d.<\/p>\n<p><strong>Patolog\u00edas m\u00e1s frecuentes <\/strong><\/p>\n<p>Para el <strong>Subdirector de Gesti\u00f3n Asistencial del SS\u00d1, Dr. Max Besser Valenzuela<\/strong> es importante cuidar la salud en estas fechas, se\u00f1alando que \u201clos cuadros que m\u00e1s se presentan en la red de urgencia durante estas fechas son las transgresiones alimentarias o accidentes, los que pueden ser viales o dom\u00e9sticos, por lo que es importante que las personas tomen los resguardos, como consumir pescados y mariscos cocidos y no alimentarse en exceso, y as\u00ed evitar, por ejemplo, presentar intoxicaciones o cuadros gastrointestinales que tienden a aumentar en estas conmemoraciones\u201d.<\/p>\n<p><strong>Colecta especial de Donaci\u00f3n de Sangre <\/strong><\/p>\n<p>Debido al feriado de este viernes y tambi\u00e9n por la fecha de caducidad limitada de uno de los derivados sangu\u00edneos, las plaquetas, la Unidad de Medicina Transfusional del Hospital de Chill\u00e1n prepar\u00f3 3 colectas de sangre especiales durante esta semana, los que seguir\u00e1n durante la pr\u00f3xima, con el prop\u00f3sito de contar con el stock necesario en caso de requerirse una mayor cantidad de hemoderivados.<\/p>\n<p>Asimismo, el pr\u00f3ximo lunes 10 de abril, en la Unidad se realizar\u00e1n procedimientos de af\u00e9resis de plaquetas, que permite de una sola donaci\u00f3n obtener hasta 12 unidades.<\/p>\n<p>Quienes deseen donar pueden acercarse a la Unidad, tambi\u00e9n es posible agendar una hora al tel\u00e9fono <strong>422-586441 o al Whatsapp +56 9 97160560<\/strong>, que atiende desde las 8 de la ma\u00f1ana hasta las 14.30 horas en horario continuado.<\/p>\n<p>En caso de cualquier consulta, reforzar que existe la l\u00ednea telef\u00f3nica Salud Responde, 600 360 7777, la cual orientar\u00e1 en caso de duda referente a sintomatolog\u00eda, o d\u00f3nde acudir para recibir una adecuada atenci\u00f3n.<\/p>\n<p>&nbsp;<\/p>\n<p>(Fuente: Equipo de Comunicaciones del Servicio de Salud \u00d1uble)<\/p>\n","protected":false},"excerpt":{"rendered":"<p>Durante el primer fin de semana largo del a\u00f1o es primordial que la comunidad mantenga las medidas de prevenci\u00f3n, procurando consumir alimentos, como pescados y mariscos, en lugares autorizados y utilizando responsablemente los recintos de salud.<\/p>\n","protected":false},"author":3,"featured_media":10951,"comment_status":"open","ping_status":"closed","sticky":false,"template":"","format":"standard","meta":{"_acf_changed":false,"_monsterinsights_skip_tracking":false,"_monsterinsights_sitenote_active":false,"_monsterinsights_sitenote_note":"","_monsterinsights_sitenote_category":0,"footnotes":""},"categories":[4],"tags":[],"class_list":["post-10950","post","type-post","status-publish","format-standard","has-post-thumbnail","hentry","category-noticias"],"acf":[],"publishpress_future_action":{"enabled":false,"date":"2026-05-07 21:43:48","action":"change-status","newStatus":"draft","terms":[],"taxonomy":"category","extraData":[]},"publishpress_future_workflow_manual_trigger":{"enabledWorkflows":[]},"_links":{"self":[{"href":"https:\/\/hospitaldechillan.cl\/web\/wp-json\/wp\/v2\/posts\/10950","targetHints":{"allow":["GET"]}}],"collection":[{"href":"https:\/\/hospitaldechillan.cl\/web\/wp-json\/wp\/v2\/posts"}],"about":[{"href":"https:\/\/hospitaldechillan.cl\/web\/wp-json\/wp\/v2\/types\/post"}],"author":[{"embeddable":true,"href":"https:\/\/hospitaldechillan.cl\/web\/wp-json\/wp\/v2\/users\/3"}],"replies":[{"embeddable":true,"href":"https:\/\/hospitaldechillan.cl\/web\/wp-json\/wp\/v2\/comments?post=10950"}],"version-history":[{"count":0,"href":"https:\/\/hospitaldechillan.cl\/web\/wp-json\/wp\/v2\/posts\/10950\/revisions"}],"wp:featuredmedia":[{"embeddable":true,"href":"https:\/\/hospitaldechillan.cl\/web\/wp-json\/wp\/v2\/media\/10951"}],"wp:attachment":[{"href":"https:\/\/hospitaldechillan.cl\/web\/wp-json\/wp\/v2\/media?parent=10950"}],"wp:term":[{"taxonomy":"category","embeddable":true,"href":"https:\/\/hospitaldechillan.cl\/web\/wp-json\/wp\/v2\/categories?post=10950"},{"taxonomy":"post_tag","embeddable":true,"href":"https:\/\/hospitaldechillan.cl\/web\/wp-json\/wp\/v2\/tags?post=10950"}],"curies":[{"name":"wp","href":"https:\/\/api.w.org\/{rel}","templated":true}]}}