{"id":10488,"date":"2022-10-25T14:28:58","date_gmt":"2022-10-25T18:28:58","guid":{"rendered":"https:\/\/hospitaldechillan.cl\/web\/?p=10488"},"modified":"2022-10-25T14:29:00","modified_gmt":"2022-10-25T18:29:00","slug":"medicos-retornan-a-la-region-en-el-marco-del-programa-100-especialistas-para-nuble","status":"publish","type":"post","link":"https:\/\/hospitaldechillan.cl\/web\/medicos-retornan-a-la-region-en-el-marco-del-programa-100-especialistas-para-nuble\/","title":{"rendered":"M\u00e9dicos retornan a la regi\u00f3n en el marco del Programa \u201c100 especialistas para \u00d1uble\u201d"},"content":{"rendered":"\n<p>\u201cEstoy muy contenta de retornar. S\u00e9 que la regi\u00f3n est\u00e1 creciendo y tiene grandes desaf\u00edos en salud; especialmente en mi \u00e1rea que es la oncolog\u00eda, que es una de las principales patolog\u00edas que padece la poblaci\u00f3n. A su vez, est\u00e1n los planes de hacer el Centro Oncol\u00f3gico y de crecer en esa \u00e1rea, lo que es una gran motivaci\u00f3n para m\u00ed, y espero que lo sea para el resto de los colegas, a quienes invito a formarse y volver a \u00d1uble para hacer crecer la salud p\u00fablica\u201d, destac\u00f3 la <strong>Dra. Ana Heredia, Onc\u00f3loga M\u00e9dica, quien retorna a la red asistencial de \u00d1uble, espec\u00edficamente al Hospital Cl\u00ednico Herminda Mart\u00edn de Chill\u00e1n<\/strong>.<\/p>\n\n\n\n<p>La Dra. Heredia es una de los 12 especialistas que ya se encuentran en el territorio, luego de completar su per\u00edodo de formaci\u00f3n, gracias al programa \u201c100 Especialistas para \u00d1uble\u201d.<\/p>\n\n\n\n<p>\u201cEstamos cosechando los frutos de esta pol\u00edtica p\u00fablica local, que permitir\u00e1 contar con 100 especialistas y subespecialistas para \u00d1uble. Hablamos de una iniciativa conjunta entre nuestra Instituci\u00f3n y el Gobierno Regional que ya nos posibilita tener de regreso en la zona al primer grupo de m\u00e9dicos; aportando en reducir la brecha que actualmente tenemos. Sabemos que en la regi\u00f3n nos cuesta mucho hacer salud, producto de los determinantes sociales, pero a trav\u00e9s de estos planes, queremos ir acercando la salud, entregando mayor dignidad y calidad\u201d, enfatiz\u00f3 la <strong>Directora (s) del Servicio de Salud \u00d1uble (SS\u00d1), Elizabeth Abarca.<\/strong><\/p>\n\n\n\n<p>La directiva adem\u00e1s recalc\u00f3 que \u201cactualmente el programa presenta un 70% de avance; contamos con 70 profesionales en distintos procesos de formaci\u00f3n, de los cuales, ya retornaron doce. Este tipo de planes, ponen a \u00d1uble como una Regi\u00f3n que va a la vanguardia, y tambi\u00e9n, da cuenta del compromiso que tenemos con lograr que nuestro territorio sea un polo de desarrollo para entregar salud de calidad a las familias\u201d.<\/p>\n\n\n\n<p>Aumentar la resolutividad de la red asistencial es una de las prioridades de esta innovadora estrategia. En ese contexto, el <strong>Gobernador Regional, \u00d3scar Cris\u00f3stomo<\/strong>, destac\u00f3: \u201cPara nuestra regi\u00f3n hoy es un gran d\u00eda, porque una pol\u00edtica regional, implementada hace unos a\u00f1os atr\u00e1s, est\u00e1 dando sus primeros frutos. El programa 100 especialistas para \u00d1uble busca avanzar en tener mayor capital humano especializado, resolver aquellas patolog\u00edas que son m\u00e1s sensibles, que no hab\u00edamos tenido la oportunidad de atender y que requer\u00edan de un traslado fuera de la regi\u00f3n para continuar los distintos tratamientos. Lo que estamos buscando es resolver dentro de nuestro territorio las necesidades en el \u00e1rea de salud. Avanzamos en infraestructura, pero tambi\u00e9n es fundamental contar con capital humano suficiente para darles vida, por eso ha sido tan importante este programa. Destacar la calidad humana de cada uno de estos profesionales que retorna, condiciones que estamos buscando en nuestra regi\u00f3n, y que permitir\u00e1 brindar mayor seguridad e ir avanzando\u201d.<\/p>\n\n\n\n<p><strong>Refuerzo para la Red Asistencial<\/strong><\/p>\n\n\n\n<p>Los facultativos con especialidades como Psiquiatr\u00eda Adulto, Medicina Interna, Cardiolog\u00eda Adulto, Traumatolog\u00eda, Gastroenterolog\u00eda, Pediatr\u00eda menci\u00f3n UCI, Oncolog\u00eda, Enfermedades Respiratorias e Infectolog\u00eda, se encuentran trabajando en los Hospitales Herminda Mart\u00edn de Chill\u00e1n y Dr. Benicio Arzola Medina de San Carlos.<\/p>\n\n\n\n<p>Al respecto, la <strong>Dra. Luz Mar\u00eda Mor\u00e1n, Directora (s) del Hospital de Chill\u00e1n<\/strong> indic\u00f3 que \u201cestamos felices de que estos siete colegas, est\u00e9n ya en nuestro Hospital, para beneficio directo de nuestros pacientes, de toda la red y la Regi\u00f3n. Desde febrero, se han ido integrando progresivamente a nuestra gran familia hospitalaria, como especialistas o subespecialistas, en \u00e1reas tan estrat\u00e9gicas, de alta demanda u otras en las que francamente ten\u00edamos d\u00e9ficit\u201d.<\/p>\n\n\n\n<p>\u201cEste programa de formaci\u00f3n es un gran esfuerzo por expandir la capacidad de atenci\u00f3n y busca hacerse cargo de la atenci\u00f3n de problemas de salud prevalentes en la poblaci\u00f3n y, por cierto, de aquellos emergentes, bien lo sabemos con la pandemia del Covid- 19\u201d, reforz\u00f3 la Dra. Mor\u00e1n. &nbsp;<\/p>\n\n\n\n<p>La iniciativa representa una inversi\u00f3n superior a los 9 mil millones de pesos, financiados por el GORE y el Ministerio de Salud.<\/p>\n","protected":false},"excerpt":{"rendered":"<p>Autoridades de \u00d1uble dieron la bienvenida a las y los profesionales que regresaron este 2022 a la Regi\u00f3n. Se trata de especialistas y subespecialistas que vienen a reforzar los equipos de la red asistencial de \u00d1uble. <\/p>\n","protected":false},"author":3,"featured_media":10489,"comment_status":"open","ping_status":"closed","sticky":false,"template":"","format":"standard","meta":{"_acf_changed":false,"_monsterinsights_skip_tracking":false,"_monsterinsights_sitenote_active":false,"_monsterinsights_sitenote_note":"","_monsterinsights_sitenote_category":0,"footnotes":""},"categories":[4],"tags":[],"class_list":["post-10488","post","type-post","status-publish","format-standard","has-post-thumbnail","hentry","category-noticias"],"acf":[],"publishpress_future_action":{"enabled":false,"date":"2026-05-08 07:36:38","action":"change-status","newStatus":"draft","terms":[],"taxonomy":"category","extraData":[]},"publishpress_future_workflow_manual_trigger":{"enabledWorkflows":[]},"_links":{"self":[{"href":"https:\/\/hospitaldechillan.cl\/web\/wp-json\/wp\/v2\/posts\/10488","targetHints":{"allow":["GET"]}}],"collection":[{"href":"https:\/\/hospitaldechillan.cl\/web\/wp-json\/wp\/v2\/posts"}],"about":[{"href":"https:\/\/hospitaldechillan.cl\/web\/wp-json\/wp\/v2\/types\/post"}],"author":[{"embeddable":true,"href":"https:\/\/hospitaldechillan.cl\/web\/wp-json\/wp\/v2\/users\/3"}],"replies":[{"embeddable":true,"href":"https:\/\/hospitaldechillan.cl\/web\/wp-json\/wp\/v2\/comments?post=10488"}],"version-history":[{"count":0,"href":"https:\/\/hospitaldechillan.cl\/web\/wp-json\/wp\/v2\/posts\/10488\/revisions"}],"wp:featuredmedia":[{"embeddable":true,"href":"https:\/\/hospitaldechillan.cl\/web\/wp-json\/wp\/v2\/media\/10489"}],"wp:attachment":[{"href":"https:\/\/hospitaldechillan.cl\/web\/wp-json\/wp\/v2\/media?parent=10488"}],"wp:term":[{"taxonomy":"category","embeddable":true,"href":"https:\/\/hospitaldechillan.cl\/web\/wp-json\/wp\/v2\/categories?post=10488"},{"taxonomy":"post_tag","embeddable":true,"href":"https:\/\/hospitaldechillan.cl\/web\/wp-json\/wp\/v2\/tags?post=10488"}],"curies":[{"name":"wp","href":"https:\/\/api.w.org\/{rel}","templated":true}]}}