{"id":10389,"date":"2022-10-21T10:58:53","date_gmt":"2022-10-21T14:58:53","guid":{"rendered":"https:\/\/hospitaldechillan.cl\/web\/?p=10389"},"modified":"2022-10-24T09:41:39","modified_gmt":"2022-10-24T13:41:39","slug":"estoy-agradecida-de-por-fin-vivir-como-la-mujer-que-soy","status":"publish","type":"post","link":"https:\/\/hospitaldechillan.cl\/web\/estoy-agradecida-de-por-fin-vivir-como-la-mujer-que-soy\/","title":{"rendered":"\u201cEstoy agradecida de por fin vivir como la mujer que soy\u201d"},"content":{"rendered":"\n<p><strong>Sophie Rose es una de las casi cien personas usuarias del Policl\u00ednico de Identidad de G\u00e9nero del Hospital Cl\u00ednico Herminda Mart\u00edn<\/strong>. A sus 22 a\u00f1os, ella reconoce que \u201c<em>c<\/em>uando hubo el primer encerr\u00f3n de pandemia, ah\u00ed fue cuando me di cuenta y me di el tiempo de pensar quien realmente soy. Al d\u00eda de hoy me siento muy, muy feliz porque he logrado obtener por fin mi tratamiento hormonal y he estado acompa\u00f1\u00e1ndome con psic\u00f3loga y psiquiatra, y ha sido un tiempo maravilloso. As\u00ed es que estoy muy agradecida en ese sentido, viviendo por fin como me siento, c\u00f3moda, c\u00f3mo la mujer que yo soy\u201d.<\/p>\n\n\n\n<p>Testimonios como \u00e9ste y otros, que transitan desde el miedo y la ansiedad, al alivio y a la felicidad, se repiten en los tres a\u00f1os de funcionamiento de este policl\u00ednico del hospital, que surgi\u00f3 para acompa\u00f1ar a las personas en su proceso de transici\u00f3n, asegur\u00e1ndoles el acceso a la atenci\u00f3n de salud, libre de prejuicios y discriminaci\u00f3n.<\/p>\n\n\n\n<p>\u201cIdentificarse como transg\u00e9nero o trans quiere decir que sientes que tu identidad de g\u00e9nero es diferente al sexo que te asignaron al nacer. Por ejemplo, que al nacer te asignaron el sexo masculino, pero te sientes como mujer, es decir que tu identidad de g\u00e9nero es femenina\u201d, comenta la <strong>directora (s) del Hospital, doctora Luz Mor\u00e1n<\/strong>.<\/p>\n\n\n\n<p>Las identidades de g\u00e9nero no son una enfermedad, concebirlas como tal es una forma de violencia y por eso todav\u00eda hay mucho por hacer para que todas las personas se sientan seguras de expresar su verdadera identidad. Diversos estudios muestran que, a consecuencia de la violencia, la estigmatizaci\u00f3n y las barreras de acceso a la atenci\u00f3n sanitaria, los indicadores en salud psicol\u00f3gica y f\u00edsica de las personas trans son peores que los de la poblaci\u00f3n en general.<\/p>\n\n\n\n<figure class=\"wp-block-image size-medium\"><img loading=\"lazy\" decoding=\"async\" width=\"640\" height=\"360\" src=\"https:\/\/hospitaldechillan.cl\/web\/wp-content_Hos\/uploads\/2022\/10\/reunion-640x360.jpg\" alt=\"\" class=\"wp-image-10392\" srcset=\"https:\/\/hospitaldechillan.cl\/web\/wp-content\/uploads\/2022\/10\/reunion-640x360.jpg 640w, https:\/\/hospitaldechillan.cl\/web\/wp-content\/uploads\/2022\/10\/reunion-1200x675.jpg 1200w, https:\/\/hospitaldechillan.cl\/web\/wp-content\/uploads\/2022\/10\/reunion-768x432.jpg 768w, https:\/\/hospitaldechillan.cl\/web\/wp-content\/uploads\/2022\/10\/reunion-1536x864.jpg 1536w, https:\/\/hospitaldechillan.cl\/web\/wp-content\/uploads\/2022\/10\/reunion.jpg 1600w\" sizes=\"auto, (max-width: 640px) 100vw, 640px\" \/><\/figure>\n\n\n\n<p>Frente a esta realidad, precis\u00f3 la doctora Mor\u00e1n, las comunidades trans han recorrido un largo camino por reivindicar sus derechos y \u201cen salud nos hemos comprometido con una atenci\u00f3n integral y respetuosa la diversidad.\u201d<\/p>\n\n\n\n<p>Al respecto la <strong>Directora (s) del Servicio de Salud \u00d1uble, Elizabeth Abarca<\/strong> destac\u00f3 que: \u201cComo equipos de salud reconocemos el derecho que cada persona tiene a vivir su identidad y que \u00e9sta sea respetada y por ello trabajamos a diario.&nbsp; En este sentido, destacar que como Servicio de Salud somos pioneros en impulsar iniciativas como el Policl\u00ednico de Identidad de G\u00e9nero del Hospital Cl\u00ednico Herminda Mart\u00edn de Chill\u00e1n; lo que da cuenta del compromiso que tenemos como Red Asistencial de \u00d1uble, para que las personas puedan vivir su identidad de g\u00e9nero. A trav\u00e9s de este tipo de acciones, que siguen los lineamientos de Gobierno, valoramos la diferencia y libre determinaci\u00f3n de la identidad y mantenemos la convicci\u00f3n de seguir avanzando firmemente en la visibilizaci\u00f3n y en entregar los espacios adecuados para que la atenci\u00f3n de salud llegue a todas y todos\u201d.<\/p>\n\n\n\n<p>\u201cDesde la apertura del Programa de Identidad de G\u00e9nero, hemos avanzado en otorgar la atenci\u00f3n de salud que las personas trans necesitan como todas y todos, tambi\u00e9n aquellas espec\u00edficas de su proceso de transici\u00f3n y en el acompa\u00f1amiento multidisciplinario, con respeto de sus decisiones. Pero, en general como funcionarios y funcionarias de salud tenemos el deber de brindarles una atenci\u00f3n respetuosa, reconociendo la diversidad de la identidad de g\u00e9nero\u201d, comenta la <strong>directora Mor\u00e1n<\/strong>. &nbsp;<\/p>\n\n\n\n<p>La directiva, a\u00f1adi\u00f3 que \u201ccontamos con un equipo multidisciplinario que nos permite entregar atenci\u00f3n integral y continua a la poblaci\u00f3n transg\u00e9nero, con prestaciones que consideran acompa\u00f1amiento psicol\u00f3gico, atenciones m\u00e9dicas con especialistas, o terapias hormonales asociadas al proceso de transici\u00f3n. Tenemos la certeza de que un equipo preparado se traduce en mejor salud, mejor calidad de vida y m\u00e1s bienestar\u201d.<\/p>\n\n\n\n<p>Actualmente, el Policl\u00ednico cuenta con un equipo conformado por psiquiatras, endocrin\u00f3logas y psic\u00f3logas, para la atenci\u00f3n de adultos e infantil, adem\u00e1s de una matrona. &nbsp;<\/p>\n\n\n\n<p>En el marco del <strong>D\u00eda Internacional de la Despatologizaci\u00f3n Trans, este<\/strong> <strong>22 de octubre,<\/strong> el hospital organiz\u00f3 una ceremonia conmemorativa en la que renov\u00f3 su compromiso por garantizar una atenci\u00f3n integral, respetuosa de la diversidad y los derechos de las personas. <\/p>\n","protected":false},"excerpt":{"rendered":"<p>Sophie Rose participa, junto a ni\u00f1os, ni\u00f1as y adultos, en el programa de identidad de g\u00e9nero del Hospital de Chill\u00e1n, abierto hace tres a\u00f1os.  <\/p>\n","protected":false},"author":3,"featured_media":10391,"comment_status":"open","ping_status":"closed","sticky":false,"template":"","format":"standard","meta":{"_acf_changed":false,"_monsterinsights_skip_tracking":false,"_monsterinsights_sitenote_active":false,"_monsterinsights_sitenote_note":"","_monsterinsights_sitenote_category":0,"footnotes":""},"categories":[4],"tags":[],"class_list":["post-10389","post","type-post","status-publish","format-standard","has-post-thumbnail","hentry","category-noticias"],"acf":[],"publishpress_future_action":{"enabled":false,"date":"2026-05-07 20:24:19","action":"change-status","newStatus":"draft","terms":[],"taxonomy":"category","extraData":[]},"publishpress_future_workflow_manual_trigger":{"enabledWorkflows":[]},"_links":{"self":[{"href":"https:\/\/hospitaldechillan.cl\/web\/wp-json\/wp\/v2\/posts\/10389","targetHints":{"allow":["GET"]}}],"collection":[{"href":"https:\/\/hospitaldechillan.cl\/web\/wp-json\/wp\/v2\/posts"}],"about":[{"href":"https:\/\/hospitaldechillan.cl\/web\/wp-json\/wp\/v2\/types\/post"}],"author":[{"embeddable":true,"href":"https:\/\/hospitaldechillan.cl\/web\/wp-json\/wp\/v2\/users\/3"}],"replies":[{"embeddable":true,"href":"https:\/\/hospitaldechillan.cl\/web\/wp-json\/wp\/v2\/comments?post=10389"}],"version-history":[{"count":0,"href":"https:\/\/hospitaldechillan.cl\/web\/wp-json\/wp\/v2\/posts\/10389\/revisions"}],"wp:featuredmedia":[{"embeddable":true,"href":"https:\/\/hospitaldechillan.cl\/web\/wp-json\/wp\/v2\/media\/10391"}],"wp:attachment":[{"href":"https:\/\/hospitaldechillan.cl\/web\/wp-json\/wp\/v2\/media?parent=10389"}],"wp:term":[{"taxonomy":"category","embeddable":true,"href":"https:\/\/hospitaldechillan.cl\/web\/wp-json\/wp\/v2\/categories?post=10389"},{"taxonomy":"post_tag","embeddable":true,"href":"https:\/\/hospitaldechillan.cl\/web\/wp-json\/wp\/v2\/tags?post=10389"}],"curies":[{"name":"wp","href":"https:\/\/api.w.org\/{rel}","templated":true}]}}